{"id":111745,"date":"2022-06-21T00:59:50","date_gmt":"2022-06-20T22:59:50","guid":{"rendered":"http:\/\/www.messinaoggi.it\/website\/?p=111745"},"modified":"2022-06-21T14:49:43","modified_gmt":"2022-06-21T12:49:43","slug":"inter-monaco-il-grande-calcio-torna-a-messina","status":"publish","type":"post","link":"https:\/\/www.messinaoggi.it\/website\/2022\/06\/21\/inter-monaco-il-grande-calcio-torna-a-messina\/","title":{"rendered":"Inter-Monaco, il grande calcio torna a Messina"},"content":{"rendered":"\n<p>L\u2019amichevole Inter-Monaco, in programma il prossimo 16 luglio, si disputer\u00e0 al Franco Scoglio di Messina.<div id=\"div-gpt-ad-Messinaoggi.it-DSK-300x250-corpoart\" style=\"text-align:center;margin:0 auto;\"><\/div><\/p>\n\n\n\n<p>L\u2019annuncio lo d\u00e0 l\u2019ex commissario del Comune di Messina, Leonardo Santoro. Oggi saranno resi noti i dettagli di quello che pu\u00f2 essere considerato un evento per la citt\u00e0 di Messina. Il grande calcio torna a Messina dopo anni di assenza e il San Filippo torner\u00e0 a riempirsi per una partita di calcio. Gi\u00e0 \u00e8 scattata la corsa per accaparrarsi il biglietto dell&#8217;amichevole di lusso che l&#8217;ex commissario del Comune di Messina, Leonardo Santoro, ha voluto regalare alla citt\u00e0 cogliendo al volo l&#8217;occasione che gli si \u00e8 presentata. Occorre specificare che si tratta di un evento con organizzazione esterna che ha scelto la citt\u00e0 dello Stretto, affamata di calcio, per l&#8217;evento estivo.<div id=\"videoincontent\" style=\"clear:both\";><\/div><\/p>\n\n\n\n<p>\u201cSi tratta di un regalo alla citt\u00e0 di Messina con l\u2019augurio che possano essere risolte le problematiche legate al calcio cittadino\u201d. \u00c8 quanto afferma da Palermo Leonardo Santoro, dopo che lo abbiamo contatto telefonicamente avendo avuto l\u2019indiscrezione.<\/p>\n","protected":false},"excerpt":{"rendered":"<p>L\u2019amichevole Inter-Monaco, in programma il prossimo 16 luglio, si disputer\u00e0 al Franco Scoglio di Messina. L\u2019annuncio lo d\u00e0 l\u2019ex commissario del Comune di Messina, Leonardo Santoro. Oggi saranno resi noti i dettagli di quello che pu\u00f2 essere considerato un evento per la citt\u00e0 di Messina. Il grande calcio torna a Messina dopo anni di assenza [&hellip;]<\/p>\n","protected":false},"author":2,"featured_media":111746,"comment_status":"open","ping_status":"open","sticky":false,"template":"","format":"standard","meta":{"ub_ctt_via":"","_mi_skip_tracking":false},"categories":[10,9],"tags":[242,27,1549,4673],"featured_image_src":"https:\/\/www.messinaoggi.it\/website\/wp-content\/uploads\/2022\/06\/E62EFFE5-5544-451A-AF74-93854BC59642.jpeg","author_info":{"display_name":"Redazione","author_link":"https:\/\/www.messinaoggi.it\/website\/author\/redazione\/"},"digistream_id":0,"digistream":false,"_links":{"self":[{"href":"https:\/\/www.messinaoggi.it\/website\/wp-json\/wp\/v2\/posts\/111745"}],"collection":[{"href":"https:\/\/www.messinaoggi.it\/website\/wp-json\/wp\/v2\/posts"}],"about":[{"href":"https:\/\/www.messinaoggi.it\/website\/wp-json\/wp\/v2\/types\/post"}],"author":[{"embeddable":true,"href":"https:\/\/www.messinaoggi.it\/website\/wp-json\/wp\/v2\/users\/2"}],"replies":[{"embeddable":true,"href":"https:\/\/www.messinaoggi.it\/website\/wp-json\/wp\/v2\/comments?post=111745"}],"version-history":[{"count":2,"href":"https:\/\/www.messinaoggi.it\/website\/wp-json\/wp\/v2\/posts\/111745\/revisions"}],"predecessor-version":[{"id":111771,"href":"https:\/\/www.messinaoggi.it\/website\/wp-json\/wp\/v2\/posts\/111745\/revisions\/111771"}],"wp:featuredmedia":[{"embeddable":true,"href":"https:\/\/www.messinaoggi.it\/website\/wp-json\/wp\/v2\/media\/111746"}],"wp:attachment":[{"href":"https:\/\/www.messinaoggi.it\/website\/wp-json\/wp\/v2\/media?parent=111745"}],"wp:term":[{"taxonomy":"category","embeddable":true,"href":"https:\/\/www.messinaoggi.it\/website\/wp-json\/wp\/v2\/categories?post=111745"},{"taxonomy":"post_tag","embeddable":true,"href":"https:\/\/www.messinaoggi.it\/website\/wp-json\/wp\/v2\/tags?post=111745"}],"curies":[{"name":"wp","href":"https:\/\/api.w.org\/{rel}","templated":true}]}}