{"id":111702,"date":"2022-06-20T19:07:35","date_gmt":"2022-06-20T17:07:35","guid":{"rendered":"https:\/\/www.messinaoggi.it\/website\/2022\/06\/20\/gas-tajani-sostenere-draghi-per-arrivare-al-price-cap-europeo\/"},"modified":"2022-06-20T19:07:35","modified_gmt":"2022-06-20T17:07:35","slug":"gas-tajani-sostenere-draghi-per-arrivare-al-price-cap-europeo","status":"publish","type":"post","link":"https:\/\/www.messinaoggi.it\/website\/2022\/06\/20\/gas-tajani-sostenere-draghi-per-arrivare-al-price-cap-europeo\/","title":{"rendered":"Gas, Tajani \u201cSostenere Draghi per arrivare al price cap europeo\u201d"},"content":{"rendered":"<div>BRUXELLES (BELGIO) (ITALPRESS) &#8211; &#8220;Non \u00e8 utile al Paese vedere rappresentanti del principale partito di governo litigare tra di loro. Sarebbe da irresponsabili far cadere il governo in un momento di grande difficolt\u00e0 economica per il paese, con i prezzi delle materie prime alle stelle e il caro bollette. Bisogna sostenere il governo perch\u00e8 durante il prossimo Consiglio Europeo il presidente Draghi possa ottenere il tetto al prezzo del gas&#8221;. Cos\u00ec Antonio Tajani, europarlamentare e coordinatore nazionale di Forza Italia, nel corso di un punto stampa nella sede del Parlamento europeo a Bruxelles, facendo riferimento alle tensioni interne al M5S. Il price cap &#8220;\u00e8 uno strumento fondamentale per bloccare l&#8217;inflazione &#8211; ha ricordato Tajani -. Bisogner\u00e0 poi aiutare gli imprenditori a pagare meglio e di pi\u00f9 i lavoratori, e questo lo si pu\u00f2 fare solo tagliando le tasse alle imprese&#8221;.<div id=\"div-gpt-ad-Messinaoggi.it-DSK-300x250-corpoart\" style=\"text-align:center;margin:0 auto;\"><\/div><\/p>\n<p>&#8211; foto agenziafotogramma.it &#8211;<div id=\"videoincontent\" style=\"clear:both\";><\/div><\/p>\n<p>(ITALPRESS).<\/p><\/div>\n","protected":false},"excerpt":{"rendered":"<p>BRUXELLES (BELGIO) (ITALPRESS) &#8211; &#8220;Non \u00e8 utile al Paese vedere rappresentanti del principale partito di governo litigare tra di loro. Sarebbe da irresponsabili far cadere il governo in un momento di grande difficolt\u00e0 economica per il paese, con i prezzi delle materie prime alle stelle e il caro bollette. Bisogna sostenere il governo perch\u00e8 durante [&hellip;]<\/p>\n","protected":false},"author":18,"featured_media":111703,"comment_status":"closed","ping_status":"closed","sticky":false,"template":"","format":"standard","meta":{"ub_ctt_via":"","_mi_skip_tracking":false},"categories":[446],"tags":[783],"featured_image_src":"https:\/\/www.messinaoggi.it\/website\/wp-content\/uploads\/2022\/06\/20220620_2305.jpg","author_info":{"display_name":"Admin","author_link":"https:\/\/www.messinaoggi.it\/website\/author\/admin\/"},"digistream_id":0,"digistream":false,"_links":{"self":[{"href":"https:\/\/www.messinaoggi.it\/website\/wp-json\/wp\/v2\/posts\/111702"}],"collection":[{"href":"https:\/\/www.messinaoggi.it\/website\/wp-json\/wp\/v2\/posts"}],"about":[{"href":"https:\/\/www.messinaoggi.it\/website\/wp-json\/wp\/v2\/types\/post"}],"author":[{"embeddable":true,"href":"https:\/\/www.messinaoggi.it\/website\/wp-json\/wp\/v2\/users\/18"}],"replies":[{"embeddable":true,"href":"https:\/\/www.messinaoggi.it\/website\/wp-json\/wp\/v2\/comments?post=111702"}],"version-history":[{"count":0,"href":"https:\/\/www.messinaoggi.it\/website\/wp-json\/wp\/v2\/posts\/111702\/revisions"}],"wp:featuredmedia":[{"embeddable":true,"href":"https:\/\/www.messinaoggi.it\/website\/wp-json\/wp\/v2\/media\/111703"}],"wp:attachment":[{"href":"https:\/\/www.messinaoggi.it\/website\/wp-json\/wp\/v2\/media?parent=111702"}],"wp:term":[{"taxonomy":"category","embeddable":true,"href":"https:\/\/www.messinaoggi.it\/website\/wp-json\/wp\/v2\/categories?post=111702"},{"taxonomy":"post_tag","embeddable":true,"href":"https:\/\/www.messinaoggi.it\/website\/wp-json\/wp\/v2\/tags?post=111702"}],"curies":[{"name":"wp","href":"https:\/\/api.w.org\/{rel}","templated":true}]}}