{"id":111661,"date":"2022-06-20T12:07:36","date_gmt":"2022-06-20T10:07:36","guid":{"rendered":"https:\/\/www.messinaoggi.it\/website\/2022\/06\/20\/m5s-fico-arrabbiati-e-delusi-per-gli-attacchi-di-di-maio\/"},"modified":"2022-06-20T12:07:36","modified_gmt":"2022-06-20T10:07:36","slug":"m5s-fico-arrabbiati-e-delusi-per-gli-attacchi-di-di-maio","status":"publish","type":"post","link":"https:\/\/www.messinaoggi.it\/website\/2022\/06\/20\/m5s-fico-arrabbiati-e-delusi-per-gli-attacchi-di-di-maio\/","title":{"rendered":"M5S, Fico \u201cArrabbiati e delusi per gli attacchi di Di Maio\u201d"},"content":{"rendered":"<div>NAPOLI (ITALPRESS) &#8211; &#8220;Ci sentiamo arrabbiati e delusi, niente di pi\u00f9, niente di meno&#8221;. E&#8217; il commento del presidente della Camera Roberto Fico che, a margine della sua partecipazione a un appuntamento a Napoli in occasione della Giornata Mondiale del Rifugiato, analizza lo scontro interno al M5S in seguito al quale il Ministro degli Esteri Luigi Di Maio sembra star diventando un corpo estraneo alla sua stessa forza politica. &#8220;Per quale motivo si deve mettere in discussione una cosa che non \u00e8 in discussione, c&#8217;\u00e8 qualcos&#8217;altro?&#8221;, si interroga Fico riferendosi all&#8217;attacco di Di Maio sulle posizioni del Movimento riguardo alla guerra in Ucraina e ai rapporti con Unione Europea e Nato. &#8220;E&#8217; scontro tra Conte e Di Maio? Non c&#8217;\u00e8 nessun Conte-Di Maio, state sbagliando prospettiva. L&#8217;unica cosa che c&#8217;\u00e8, al massimo, \u00e8 Movimento-Di Maio&#8221;, risponde ancora il presidente della Camera ai cronisti. &#8220;Attaccare il Movimento su delle posizioni che non sono in discussione nel Movimento, dispiace a tutta la comunit\u00e0 del Movimento, \u00e8 questo il punto&#8221; afferma Fico. <br \/>&#8220;Siamo dispiaciuti da questo atteggiamento, non c&#8217;\u00e8 alcun attacco nei confronti di Luigi Di Maio, \u00e8 solo che non capiamo e non capisco, perch\u00e8 si attacca su una cosa che non \u00e8 in discussione. Di Maio va espulso? Non \u00e8 una cosa di cui voglio parlare, il mio punto \u00e8 esclusivamente dire ma perch\u00e8 si deve attaccare il Movimento e metterlo in fibrillazione nel momento in cui queste cose non sono in discussione. A me questo \u00e8  incomprensibile e personalmente mi fa dispiacere, capisco che la comunit\u00e0 del Movimento quando c&#8217;\u00e8 una operazione che non \u00e8 aderente alla realt\u00e0 si deve anche difendere. Il Movimento non sta attaccando, si sta difendendo&#8221;.<div id=\"div-gpt-ad-Messinaoggi.it-DSK-300x250-corpoart\" style=\"text-align:center;margin:0 auto;\"><\/div><\/p>\n<p>&#8211; foto agenziafotogramma.it &#8211;<div id=\"videoincontent\" style=\"clear:both\";><\/div><\/p>\n<p>(ITALPRESS).<\/p><\/div>\n","protected":false},"excerpt":{"rendered":"<p>NAPOLI (ITALPRESS) &#8211; &#8220;Ci sentiamo arrabbiati e delusi, niente di pi\u00f9, niente di meno&#8221;. E&#8217; il commento del presidente della Camera Roberto Fico che, a margine della sua partecipazione a un appuntamento a Napoli in occasione della Giornata Mondiale del Rifugiato, analizza lo scontro interno al M5S in seguito al quale il Ministro degli Esteri [&hellip;]<\/p>\n","protected":false},"author":18,"featured_media":111662,"comment_status":"closed","ping_status":"closed","sticky":false,"template":"","format":"standard","meta":{"ub_ctt_via":"","_mi_skip_tracking":false},"categories":[446],"tags":[783],"featured_image_src":"https:\/\/www.messinaoggi.it\/website\/wp-content\/uploads\/2022\/06\/20220620_0318.jpg","author_info":{"display_name":"Admin","author_link":"https:\/\/www.messinaoggi.it\/website\/author\/admin\/"},"digistream_id":0,"digistream":false,"_links":{"self":[{"href":"https:\/\/www.messinaoggi.it\/website\/wp-json\/wp\/v2\/posts\/111661"}],"collection":[{"href":"https:\/\/www.messinaoggi.it\/website\/wp-json\/wp\/v2\/posts"}],"about":[{"href":"https:\/\/www.messinaoggi.it\/website\/wp-json\/wp\/v2\/types\/post"}],"author":[{"embeddable":true,"href":"https:\/\/www.messinaoggi.it\/website\/wp-json\/wp\/v2\/users\/18"}],"replies":[{"embeddable":true,"href":"https:\/\/www.messinaoggi.it\/website\/wp-json\/wp\/v2\/comments?post=111661"}],"version-history":[{"count":0,"href":"https:\/\/www.messinaoggi.it\/website\/wp-json\/wp\/v2\/posts\/111661\/revisions"}],"wp:featuredmedia":[{"embeddable":true,"href":"https:\/\/www.messinaoggi.it\/website\/wp-json\/wp\/v2\/media\/111662"}],"wp:attachment":[{"href":"https:\/\/www.messinaoggi.it\/website\/wp-json\/wp\/v2\/media?parent=111661"}],"wp:term":[{"taxonomy":"category","embeddable":true,"href":"https:\/\/www.messinaoggi.it\/website\/wp-json\/wp\/v2\/categories?post=111661"},{"taxonomy":"post_tag","embeddable":true,"href":"https:\/\/www.messinaoggi.it\/website\/wp-json\/wp\/v2\/tags?post=111661"}],"curies":[{"name":"wp","href":"https:\/\/api.w.org\/{rel}","templated":true}]}}