{"id":111659,"date":"2022-06-20T12:07:34","date_gmt":"2022-06-20T10:07:34","guid":{"rendered":"https:\/\/www.messinaoggi.it\/website\/2022\/06\/20\/renzi-triste-fine-per-il-m5s-il-governo-non-e-a-rischio\/"},"modified":"2022-06-20T12:07:34","modified_gmt":"2022-06-20T10:07:34","slug":"renzi-triste-fine-per-il-m5s-il-governo-non-e-a-rischio","status":"publish","type":"post","link":"https:\/\/www.messinaoggi.it\/website\/2022\/06\/20\/renzi-triste-fine-per-il-m5s-il-governo-non-e-a-rischio\/","title":{"rendered":"Renzi \u201cTriste fine per il M5S, il Governo non \u00e8 a rischio\u201d"},"content":{"rendered":"<div>ROMA (ITALPRESS) &#8211; &#8220;E&#8217; una triste fine per il Movimento 5 stelle, quando facevo le dirette con voi da Palazzo Chigi avevamo i 5 Stelle in grande spolvero. Cercavano di rappresentare il popolo, oggi sono un&#8217;illusione che \u00e8 finita: un grande sbadiglio li inghiottir\u00e0. Mi dispiace che i problemi della guerra, carestia o la questione energetica siano cose vere: i 5 Stelle parlano solo di chi torna in Parlamento con il doppio mandato e chi no. Insomma una piccola questione di potere che non serve al Paese&#8221;. Cos\u00ec il leader di Italia Viva, Matteo Renzi, ai microfoni di Rtl 102.5.<br \/>Alla domanda se la tenuta del governo sia a rischio, Renzi risponde: &#8220;No, no. Secondo me no, perch\u00e8 hanno paura di andare a casa e a molti di loro tocca chiedere il reddito di cittadinanza. Sono sempre ottimista, stavolta devo esserlo un p\u00f2 meno. Penso che il vero dramma di questo Paese non siano i 5 stelle, che abbaiano e non mordono, ma sia il costo della vita&#8221;. <br \/>&#8220;Abbiamo fatto leggi per sussidio e assistenzialismo vario e il salario della classe media \u00e8 troppo basso: alla fine chi lavora non ha i soldi per arrivare a fine mese, chi riceve sussidi rester\u00e0 sempre incardinato in un sistema di povert\u00e0. E&#8217; questo il lascito negativo dei 5 stelle. Parliamo di come dare pi\u00f9 soldi in busta paga ai lavoratori, non parliamo pi\u00f9 dei grillini che ormai sono il passato. Sapete che Beppe Grillo, residente a Genova, non \u00e8 andato a votare per le elezioni di Genova? Di Maio ha detto sono il partito dell&#8217;odio: le stesse cose che dicevo 3 anni fa. Conte \u00e8 stato definito un uomo senza leadership da Grillo. Fanno tutto da soli, lasciamoli stare e parliamo di politica&#8221;.<div id=\"div-gpt-ad-Messinaoggi.it-DSK-300x250-corpoart\" style=\"text-align:center;margin:0 auto;\"><\/div><\/p>\n<p>&#8211; foto agenziafotogramma.it &#8211;<div id=\"videoincontent\" style=\"clear:both\";><\/div><\/p>\n<p>(ITALPRESS).<\/p><\/div>\n","protected":false},"excerpt":{"rendered":"<p>ROMA (ITALPRESS) &#8211; &#8220;E&#8217; una triste fine per il Movimento 5 stelle, quando facevo le dirette con voi da Palazzo Chigi avevamo i 5 Stelle in grande spolvero. Cercavano di rappresentare il popolo, oggi sono un&#8217;illusione che \u00e8 finita: un grande sbadiglio li inghiottir\u00e0. Mi dispiace che i problemi della guerra, carestia o la questione [&hellip;]<\/p>\n","protected":false},"author":18,"featured_media":111660,"comment_status":"closed","ping_status":"closed","sticky":false,"template":"","format":"standard","meta":{"ub_ctt_via":"","_mi_skip_tracking":false},"categories":[446],"tags":[783],"featured_image_src":"https:\/\/www.messinaoggi.it\/website\/wp-content\/uploads\/2022\/06\/20220620_0265.jpg","author_info":{"display_name":"Admin","author_link":"https:\/\/www.messinaoggi.it\/website\/author\/admin\/"},"digistream_id":0,"digistream":false,"_links":{"self":[{"href":"https:\/\/www.messinaoggi.it\/website\/wp-json\/wp\/v2\/posts\/111659"}],"collection":[{"href":"https:\/\/www.messinaoggi.it\/website\/wp-json\/wp\/v2\/posts"}],"about":[{"href":"https:\/\/www.messinaoggi.it\/website\/wp-json\/wp\/v2\/types\/post"}],"author":[{"embeddable":true,"href":"https:\/\/www.messinaoggi.it\/website\/wp-json\/wp\/v2\/users\/18"}],"replies":[{"embeddable":true,"href":"https:\/\/www.messinaoggi.it\/website\/wp-json\/wp\/v2\/comments?post=111659"}],"version-history":[{"count":0,"href":"https:\/\/www.messinaoggi.it\/website\/wp-json\/wp\/v2\/posts\/111659\/revisions"}],"wp:featuredmedia":[{"embeddable":true,"href":"https:\/\/www.messinaoggi.it\/website\/wp-json\/wp\/v2\/media\/111660"}],"wp:attachment":[{"href":"https:\/\/www.messinaoggi.it\/website\/wp-json\/wp\/v2\/media?parent=111659"}],"wp:term":[{"taxonomy":"category","embeddable":true,"href":"https:\/\/www.messinaoggi.it\/website\/wp-json\/wp\/v2\/categories?post=111659"},{"taxonomy":"post_tag","embeddable":true,"href":"https:\/\/www.messinaoggi.it\/website\/wp-json\/wp\/v2\/tags?post=111659"}],"curies":[{"name":"wp","href":"https:\/\/api.w.org\/{rel}","templated":true}]}}