{"id":111644,"date":"2022-06-20T09:57:31","date_gmt":"2022-06-20T07:57:31","guid":{"rendered":"http:\/\/www.messinaoggi.it\/website\/?p=111644"},"modified":"2022-06-20T09:57:32","modified_gmt":"2022-06-20T07:57:32","slug":"precari-asp-e-ircss-uil-fpl-vanno-stabilizzati","status":"publish","type":"post","link":"https:\/\/www.messinaoggi.it\/website\/2022\/06\/20\/precari-asp-e-ircss-uil-fpl-vanno-stabilizzati\/","title":{"rendered":"Precari Asp e Ircss, Uil-Fpl: &#8220;Vanno stabilizzati&#8221;"},"content":{"rendered":"\n<p>La Uil-Fpl, con una nota a firma del segretario provinciale Livio Andronico indirizzata ai vertici di Asp e Irccs-Neurolesi e per conoscenza all\u2019assessore regionale alla Salute, Ruggero Razza, chiede che venga disposto un bando interno per la ricognizione del personale da stabilizzare.<div id=\"div-gpt-ad-Messinaoggi.it-DSK-300x250-corpoart\" style=\"text-align:center;margin:0 auto;\"><\/div><\/p>\n\n\n\n<p>\u201cCome \u00e8 ben noto, al Palazzo dei Normanni, l\u2019assemblea regionale siciliana, in data 25\/05\/2022, ha approvato la legge finanziaria 2022\/2024, dove all\u2019art.13 comma 91, cos\u00ec come pubblicato nella GURS del 28\/05\/2022, cita testualmente <strong><em>\u2018Ai fini dell\u2019attuazione dell\u2019articolo 1, comma 268, lettera), della legge 30 dicembre 2021 n.234 e successive modificazioni, gli enti del servizio sanitario regionale  procedono preliminarmente , entro il 31 dicembre 2022, ad una ricognizione dei fabbisogni di personale, anche nel periodo pandemico , ed applicano i CCNNLL dell\u2019ambito sanitario aggiornando , <\/em><\/strong><strong><em>anche in deroga , il piano triennale del fabbisogno di personale<\/em><\/strong><strong><em>, applicando le previsioni di legge anche al personale contrattualizzato a qualunque titolo del ruolo sanitario , tecnico ed amministrativo , selezionato attraverso prove selettive per titoli e\/o colloquio, e che abbia maturato o che maturer\u00e0 alla data del 31 dicembre 2022 i 18 mesi previsti dalla legge n. 234\/2021\u2019. <\/em><\/strong>Ci\u00f2 premesso, la scrivente organizzazione sindacale, al fine di non disperdere le professionalit\u00e0 acquisite dal personale in servizio, anche durante l\u2019emergenza pandemica da COVID-19, chiede a codesta amministrazione, cos\u00ec come previsto dalla predetta legge di stabilit\u00e0, di disporre un bando interno, per la ricognizione del personale che ha maturato o maturer\u00e0 i requisiti dei 18 mesi di servizio al 31\/12\/2022. Si rammenta che il Policlinico di Messina e l\u2019Azienda Ospedaliera  Papardo, hanno gi\u00e0 provveduto a pubblicare il bando di ricognizione per la stabilizzazione del personale avente i requisiti, <strong>attraverso l\u2019applicazione della legge Madia e la Legge n. 234 del 30 dicembre 2021.<\/strong> All\u2019Assessore Ruggero Razza si chiede un risolutivo intervento, <strong>per incrementare la massa finanziaria<\/strong>, a favore <strong>dell\u2019IRCCS Neurolesi Bonino Pulejo e dell\u2019ASP di Messina,<\/strong> affinch\u00e9, le stesse, possano avere la disponibilit\u00e0 economica, per avviare, nel pi\u00f9 breve tempo possibile, le procedure di stabilizzazione del personale precario, cos\u00ec come previsto dalla vigente normativa\u201d.<div id=\"videoincontent\" style=\"clear:both\";><\/div><\/p>\n\n\n\n<p>Concude la nota sindacale.<\/p>\n","protected":false},"excerpt":{"rendered":"<p>La Uil-Fpl, con una nota a firma del segretario provinciale Livio Andronico indirizzata ai vertici di Asp e Irccs-Neurolesi e per conoscenza all\u2019assessore regionale alla Salute, Ruggero Razza, chiede che venga disposto un bando interno per la ricognizione del personale da stabilizzare. \u201cCome \u00e8 ben noto, al Palazzo dei Normanni, l\u2019assemblea regionale siciliana, in data [&hellip;]<\/p>\n","protected":false},"author":2,"featured_media":108628,"comment_status":"open","ping_status":"open","sticky":false,"template":"","format":"standard","meta":{"ub_ctt_via":"","_mi_skip_tracking":false},"categories":[5],"tags":[111,933,2462,115],"featured_image_src":"https:\/\/www.messinaoggi.it\/website\/wp-content\/uploads\/2022\/05\/78419FDF-3B87-490D-BDFB-2E76AD73F981-scaled.jpeg","author_info":{"display_name":"Redazione","author_link":"https:\/\/www.messinaoggi.it\/website\/author\/redazione\/"},"digistream_id":0,"digistream":false,"_links":{"self":[{"href":"https:\/\/www.messinaoggi.it\/website\/wp-json\/wp\/v2\/posts\/111644"}],"collection":[{"href":"https:\/\/www.messinaoggi.it\/website\/wp-json\/wp\/v2\/posts"}],"about":[{"href":"https:\/\/www.messinaoggi.it\/website\/wp-json\/wp\/v2\/types\/post"}],"author":[{"embeddable":true,"href":"https:\/\/www.messinaoggi.it\/website\/wp-json\/wp\/v2\/users\/2"}],"replies":[{"embeddable":true,"href":"https:\/\/www.messinaoggi.it\/website\/wp-json\/wp\/v2\/comments?post=111644"}],"version-history":[{"count":1,"href":"https:\/\/www.messinaoggi.it\/website\/wp-json\/wp\/v2\/posts\/111644\/revisions"}],"predecessor-version":[{"id":111645,"href":"https:\/\/www.messinaoggi.it\/website\/wp-json\/wp\/v2\/posts\/111644\/revisions\/111645"}],"wp:featuredmedia":[{"embeddable":true,"href":"https:\/\/www.messinaoggi.it\/website\/wp-json\/wp\/v2\/media\/108628"}],"wp:attachment":[{"href":"https:\/\/www.messinaoggi.it\/website\/wp-json\/wp\/v2\/media?parent=111644"}],"wp:term":[{"taxonomy":"category","embeddable":true,"href":"https:\/\/www.messinaoggi.it\/website\/wp-json\/wp\/v2\/categories?post=111644"},{"taxonomy":"post_tag","embeddable":true,"href":"https:\/\/www.messinaoggi.it\/website\/wp-json\/wp\/v2\/tags?post=111644"}],"curies":[{"name":"wp","href":"https:\/\/api.w.org\/{rel}","templated":true}]}}