{"id":111635,"date":"2022-06-20T09:02:33","date_gmt":"2022-06-20T07:02:33","guid":{"rendered":"https:\/\/www.messinaoggi.it\/website\/2022\/06\/20\/regionali-micciche-musumeci-non-passa-mai-la-palla-con-lui-si-perde\/"},"modified":"2022-06-20T09:59:47","modified_gmt":"2022-06-20T07:59:47","slug":"regionali-micciche-musumeci-con-lui-si-perde","status":"publish","type":"post","link":"https:\/\/www.messinaoggi.it\/website\/2022\/06\/20\/regionali-micciche-musumeci-con-lui-si-perde\/","title":{"rendered":"Regionali, Miccich\u00e8: \u201cMusumeci? Con lui si perde\u201d"},"content":{"rendered":"<div>\n<p>PALERMO (ITALPRESS) \u2013 \u201cServe un tavolo della coalizione, come \u00e8 sempre avvenuto fra di noi, per scegliere assieme un candidato condiviso capace di vincere\u2026\u201d. Lo ha detto, in un\u2019intervista al Corriere della Sera, Gianfranco Miccich\u00e8, presidente dell\u2019Assemblea Regionale siciliana e coordinatore regionale di Forza Italia in Sicilia. E sulla ricandidatura del presidente della Regione Siciliana Nello Musumeci ha aggiunto: \u201cIo non pongo aut aut a nessuno. Siamo una coalizione molto coesa, andiamo d\u2019accordo ovunque qui\u201d. E quindi? \u201cE quindi vogliamo vincere in Sicilia o no? Perch\u00e8 se l\u2019obiettivo \u00e8 quello, ricandidando Musumeci il rischio di perdere invece \u00e8 altissimo\u201d.<br \/>\u201cL\u2019onest\u00e0 deve essere un pre requisito per tutti, non un motivo di candidatura. Nessuno vuole la Sicilia in mano ai mafiosi, tanto meno io che non ho mai avuto un solo problema o un\u2019accusa su questo. Su Musumeci poi: se sei anche il calciatore pi\u00f9 forte del mondo ma non passi mai la palla, la squadra perde. E purtroppo per lui \u00e8 cos\u00ec\u2026\u201d. Ma chi vorrebbe candidare? Lei ci pensa? \u201cAssolutamente no. L\u2019unica cosa che spero di tornare a fare \u00e8 il presidente dell\u2019Assemblea, perch\u00e8 credo di farlo bene. Per il resto, ce ne sono un\u2019infinit\u00e0 di candidati possibili. Dipendesse da me, avrei in mente una donna, ma dobbiamo sederci a un tavolo, ragionare e decidere insieme. Sarebbe bello dare spazio a nuove forze, ma non ho alcuna preclusione\u201d. Con Musumeci parla? \u201cNon recentemente. Diciamo che negli ultimi tempi \u00e8 stato abbastanza difficile\u2026 Lui a lungo ha detto che non pensava di  ricandidarsi, poi ha cambiato idea\u2026 Ma lo ripeto, non vogliamo litigare e tantomeno pretendere un candidato targato Miccich\u00e8\u201d.<br \/>(ITALPRESS).<div id=\"div-gpt-ad-Messinaoggi.it-DSK-300x250-corpoart\" style=\"text-align:center;margin:0 auto;\"><\/div><\/p>\n<p>\u2013 foto agenziafotogramma.it \u2013<div id=\"videoincontent\" style=\"clear:both\";><\/div><\/p>\n<\/div>\n","protected":false},"excerpt":{"rendered":"<p>PALERMO (ITALPRESS) \u2013 \u201cServe un tavolo della coalizione, come \u00e8 sempre avvenuto fra di noi, per scegliere assieme un candidato condiviso capace di vincere\u2026\u201d. Lo ha detto, in un\u2019intervista al Corriere della Sera, Gianfranco Miccich\u00e8, presidente dell\u2019Assemblea Regionale siciliana e coordinatore regionale di Forza Italia in Sicilia. E sulla ricandidatura del presidente della Regione Siciliana [&hellip;]<\/p>\n","protected":false},"author":18,"featured_media":111636,"comment_status":"closed","ping_status":"closed","sticky":false,"template":"","format":"standard","meta":{"ub_ctt_via":"","_mi_skip_tracking":false},"categories":[19,2449],"tags":[783],"featured_image_src":"https:\/\/www.messinaoggi.it\/website\/wp-content\/uploads\/2022\/06\/20220620_0077.jpg","author_info":{"display_name":"Admin","author_link":"https:\/\/www.messinaoggi.it\/website\/author\/admin\/"},"digistream_id":0,"digistream":false,"_links":{"self":[{"href":"https:\/\/www.messinaoggi.it\/website\/wp-json\/wp\/v2\/posts\/111635"}],"collection":[{"href":"https:\/\/www.messinaoggi.it\/website\/wp-json\/wp\/v2\/posts"}],"about":[{"href":"https:\/\/www.messinaoggi.it\/website\/wp-json\/wp\/v2\/types\/post"}],"author":[{"embeddable":true,"href":"https:\/\/www.messinaoggi.it\/website\/wp-json\/wp\/v2\/users\/18"}],"replies":[{"embeddable":true,"href":"https:\/\/www.messinaoggi.it\/website\/wp-json\/wp\/v2\/comments?post=111635"}],"version-history":[{"count":2,"href":"https:\/\/www.messinaoggi.it\/website\/wp-json\/wp\/v2\/posts\/111635\/revisions"}],"predecessor-version":[{"id":111646,"href":"https:\/\/www.messinaoggi.it\/website\/wp-json\/wp\/v2\/posts\/111635\/revisions\/111646"}],"wp:featuredmedia":[{"embeddable":true,"href":"https:\/\/www.messinaoggi.it\/website\/wp-json\/wp\/v2\/media\/111636"}],"wp:attachment":[{"href":"https:\/\/www.messinaoggi.it\/website\/wp-json\/wp\/v2\/media?parent=111635"}],"wp:term":[{"taxonomy":"category","embeddable":true,"href":"https:\/\/www.messinaoggi.it\/website\/wp-json\/wp\/v2\/categories?post=111635"},{"taxonomy":"post_tag","embeddable":true,"href":"https:\/\/www.messinaoggi.it\/website\/wp-json\/wp\/v2\/tags?post=111635"}],"curies":[{"name":"wp","href":"https:\/\/api.w.org\/{rel}","templated":true}]}}