{"id":111628,"date":"2022-06-21T08:33:00","date_gmt":"2022-06-21T06:33:00","guid":{"rendered":"http:\/\/www.messinaoggi.it\/website\/?p=111628"},"modified":"2022-06-19T23:34:07","modified_gmt":"2022-06-19T21:34:07","slug":"karting-la-sicilia-approda-nella-top-ten-europea-grazie-a-michael-paparo","status":"publish","type":"post","link":"https:\/\/www.messinaoggi.it\/website\/2022\/06\/21\/karting-la-sicilia-approda-nella-top-ten-europea-grazie-a-michael-paparo\/","title":{"rendered":"KARTING &#8211; La Sicilia approda nella Top Ten europea grazie a Michael Paparo"},"content":{"rendered":"\n<p>Michael Paparo fra i migliori dieci d\u2019Europa nella prestigiosa Kz 2, la classe regina del karting. Va in archivio l\u2019edizione 2022 del campionato Europeo Kz 2 con un buon piazzamento in top ten per il pilota ufficiale Ipk, autore sul circuito di Cremona di un weekend tutto in crescendo.<div id=\"div-gpt-ad-Messinaoggi.it-DSK-300x250-corpoart\" style=\"text-align:center;margin:0 auto;\"><\/div><\/p>\n\n\n\n<p>In qualifica Paparo col 28\u00b0 tempo sugli 83 partecipanti alla gara si \u00e8 assicurato uno start nelle griglie delle eliminatorie attorno alla terza fila. Di l\u00ec \u00e8 riuscito ad ottenere dei piazzamenti fra  la settima e l\u2019ottava posizione  utili per partire undicesimo nella finale dall\u2019altissimo livello tecnico in cui erano tantissimi i campioni delle ruote piccole al via. Anche nell\u2019ultima e pi\u00f9 importante gara Michael \u00e8 stato molto convincente ottimizzando il lavoro svolto nel week end e chiudendo non lontanissimo dalla vetta.<div id=\"videoincontent\" style=\"clear:both\";><\/div><\/p>\n\n\n\n<p>&#8211;<em>&#8220;Il weekend ha portato risultati soddisfacenti<\/em>\u00a0 \u2013 ha dichiarato \u2013 <em>finalmente \u00e8 andato tutto liscio e ho potuto dimostrare tutto il potenziale che abbiamo sviluppato con la IPK. Siamo stati sempre concreti, veloci e competitive, evitando rischi eccessivi che avrebbero vanificato tutto. La sorte ci ha aiutato rispetto alla prima prova dell\u2019europeo in Belgio e abbiamo colto l\u2019opportunit\u00e0. Adesso aspettiamo il mondiale ai primi di settembre&#8221;<\/em>.<\/p>\n\n\n\n<figure class=\"wp-block-image size-large is-resized\"><img loading=\"lazy\" src=\"https:\/\/www.messinaoggi.it\/website\/wp-content\/uploads\/2022\/06\/Alex-Maragliano.jpg\" alt=\"\" class=\"wp-image-111630\" width=\"576\" height=\"451\" \/><figcaption><em><strong>Il pilota agrigentino, Alex Maragliano<\/strong><\/em><\/figcaption><\/figure>\n\n\n\n<p>Avverso ed opposto il destino per l\u2019altro siciliano, l\u2019agrigentino Alex Maragliano. Il pilota di Raffadali, pur risultando uno dei pi\u00f9 veloci in pista, non \u00e8 riuscito a concretizzare le sue prestazioni concludendo la finale con un ritiro. <\/p>\n\n\n\n<p>Il suo travagliato weekend era cominciato con un ottimo tempo di qualifica, l\u2019undicesimo, che gli consentiva di partire molto avanti nelle eliminatorie. Purtroppo gi\u00e0 nella prima, quella disputata venerd\u00ec un contatto di gara lo aveva estromesso dalla classifica risultando cos\u00ec molto limitato nel prosieguo delle gare. <\/p>\n\n\n\n<p>Ma Alex ha dato una decisa prova di carattere e nonostante una serie di problemi con le gomme ha disputato un sabato da leoni con un P6 , un P5 e addirittura due P2, che lo hanno rimesso in gioco. Purtroppo anche nella finale la sorte \u00e8 stata avara e ancora una gomma afflosciata ha costretto il bravo pilota del team Drago ad alzare bandiera bianca.<\/p>\n\n\n\n<p>Problemi tecnici anche per il siracusano Lorenzo Scata, anche lui pilota Ipk, purtroppo fuori dai giochi sin dalla fase iniziale del weekend.<\/p>\n","protected":false},"excerpt":{"rendered":"<p>Michael Paparo fra i migliori dieci d\u2019Europa nella prestigiosa Kz 2, la classe regina del karting. Va in archivio l\u2019edizione 2022 del campionato Europeo Kz 2 con un buon piazzamento in top ten per il pilota ufficiale Ipk, autore sul circuito di Cremona di un weekend tutto in crescendo. In qualifica Paparo col 28\u00b0 tempo [&hellip;]<\/p>\n","protected":false},"author":17,"featured_media":111629,"comment_status":"open","ping_status":"open","sticky":false,"template":"","format":"standard","meta":{"ub_ctt_via":"","_mi_skip_tracking":false},"categories":[8,9],"tags":[4666,418],"featured_image_src":"https:\/\/www.messinaoggi.it\/website\/wp-content\/uploads\/2022\/06\/Paparo-Europeo.jpg","author_info":{"display_name":"Giuseppe Luppino","author_link":"https:\/\/www.messinaoggi.it\/website\/author\/g-luppino\/"},"digistream_id":0,"digistream":false,"_links":{"self":[{"href":"https:\/\/www.messinaoggi.it\/website\/wp-json\/wp\/v2\/posts\/111628"}],"collection":[{"href":"https:\/\/www.messinaoggi.it\/website\/wp-json\/wp\/v2\/posts"}],"about":[{"href":"https:\/\/www.messinaoggi.it\/website\/wp-json\/wp\/v2\/types\/post"}],"author":[{"embeddable":true,"href":"https:\/\/www.messinaoggi.it\/website\/wp-json\/wp\/v2\/users\/17"}],"replies":[{"embeddable":true,"href":"https:\/\/www.messinaoggi.it\/website\/wp-json\/wp\/v2\/comments?post=111628"}],"version-history":[{"count":1,"href":"https:\/\/www.messinaoggi.it\/website\/wp-json\/wp\/v2\/posts\/111628\/revisions"}],"predecessor-version":[{"id":111631,"href":"https:\/\/www.messinaoggi.it\/website\/wp-json\/wp\/v2\/posts\/111628\/revisions\/111631"}],"wp:featuredmedia":[{"embeddable":true,"href":"https:\/\/www.messinaoggi.it\/website\/wp-json\/wp\/v2\/media\/111629"}],"wp:attachment":[{"href":"https:\/\/www.messinaoggi.it\/website\/wp-json\/wp\/v2\/media?parent=111628"}],"wp:term":[{"taxonomy":"category","embeddable":true,"href":"https:\/\/www.messinaoggi.it\/website\/wp-json\/wp\/v2\/categories?post=111628"},{"taxonomy":"post_tag","embeddable":true,"href":"https:\/\/www.messinaoggi.it\/website\/wp-json\/wp\/v2\/tags?post=111628"}],"curies":[{"name":"wp","href":"https:\/\/api.w.org\/{rel}","templated":true}]}}