{"id":111539,"date":"2022-06-18T17:02:33","date_gmt":"2022-06-18T15:02:33","guid":{"rendered":"https:\/\/www.messinaoggi.it\/website\/2022\/06\/18\/regionali-in-sicilia-primarie-del-campo-progressista-il-23-luglio\/"},"modified":"2022-06-18T17:02:33","modified_gmt":"2022-06-18T15:02:33","slug":"regionali-in-sicilia-primarie-del-campo-progressista-il-23-luglio","status":"publish","type":"post","link":"https:\/\/www.messinaoggi.it\/website\/2022\/06\/18\/regionali-in-sicilia-primarie-del-campo-progressista-il-23-luglio\/","title":{"rendered":"Regionali, in Sicilia primarie del campo progressista il 23 luglio"},"content":{"rendered":"<div>\n<p>PALERMO (ITALPRESS) \u2013 Avversari cinque anni fa, parte di un\u2019ampia coalizione oggi in vista delle elezioni regionali del 2022 in Sicilia. Le forze del campo progressista, Partito Democratico, Movimento 5 Stelle, Cento Passi per la Sicilia, Sinistra Italiana, Partito Socialista, Europa Verde, Articolo Uno, hanno deciso di affidare ai cittadini l\u2019ultima parola sulla selezione del candidato unitario alla presidenza della Regione Sicilia, tramite delle primarie fissate per il 23 luglio. In una conferenza stampa indetta all\u2019Ars a Palermo, i rappresentanti dei soggetti politici coinvolti hanno riferito ai cronisti presenti alcuni dettagli di questa iniziativa dalla connotazione fortemente partecipativa. Dal 23 al 30 giugno sar\u00e0 possibile presentare le candidature, che nei giorni successivi saranno vagliate, quindi tutti i cittadini siciliani a partire dai 16 anni potranno esprimere la propria preferenza in modo telematico e digitale previa registrazione su un portale online, tramite il quale sar\u00e0 possibile, per chi lo preferir\u00e0, prenotarsi per votare in modo fisico in 32 postazioni distribuite su tutto il territorio regionale. Il voto, altra novit\u00e0, sar\u00e0 gratuito. <br \/>Negli ultimi giorni \u00e8 stato stilato un regolamento che sar\u00e0 pubblicato sul web, per i gruppi non rappresentati all\u2019Ars sar\u00e0 necessario raccogliere duemila firme. anche in seguito alla sconfitta alle presidenziali, sar\u00e0 presentata una lista in almeno cinque collegi. Una coesione sempre pi\u00f9 forte, dunque, tra le forze progressiste, che in Sicilia cinque anni fa avevano visto il Partito Democratico e il Movimento 5 Stelle correre da soli, cos\u00ec come Claudio Fava, che dopo il 2017 ci riprova con la lista Cento Passi per la Sicilia e ha annunciato ufficialmente la sua candidatura dimettendosi contestualmente per motivi di opportunit\u00e0 da presidente della Commissione Regionale Antimafia. Fare squadra, confrontarsi, trovare coesione e puntare su un modello partecipativo che si rivolge in prima persona agli elettori siciliani, questo l\u2019obiettivo delle forze di centrosinistra che fra un mese e mezzo individueranno il candidato alla regionali per mezzo della volont\u00e0 popolare, opponendosi cos\u00ec alla coalizione di centrodestra impegnata in serrate trattative tra i partiti per scegliere il nome per il post Musumeci, la cui riproposizione sembra sempre pi\u00f9 in salita.<br \/>\u201cCinque anni fa eravamo avversari, ora siamo uniti dopo cinque anni di opposizione tenace, possiamo creare una candidatura unica in Sicilia \u2013 ha esordito il segretario regionale del Partito Democratico, Anthony Barbagallo \u2013 Il nome non sar\u00e0 scelto nel chiuso della stanza ma diamo voce agli elettori del campo progressista. E\u2019 un modello straordinario di partecipazione, la Sicilia \u00e8 ancora una volta un laboratorio politico, lo \u00e8 nel metodo perch\u00e8 sono primarie con una novit\u00e0 assoluta nel panorama nazionale quale la partecipazione al voto anche dei sedicenni \u2013 ha concluso \u2013 Non \u00e8 una prova muscolare tra i candidati, ma una prova delle idee\u201d. Gli fa eco il capogruppo all\u2019Ars del Movimento 5 Stelle, Nuccio Di Paola: \u201cE\u2019 un percorso importante, ringrazio tutti i componenti di questo tavolo politico. Siamo cresciuti, insieme stiamo facendo qualcosa di rivoluzionario, \u00e8 un\u2019innovazione politica che parte dalle forze progressiste. Un patto politico forte per far s\u00ec che chiunque vinca permetta l\u2019amalgama ulteriore di questo campo progressista in questa regione \u2013 ha aggiunto \u2013 Stiamo cercando, in un certo qual modo, 300 spartani siciliani, dobbiamo liberare la Sicilia dalle destre\u201d. <br \/>Presente anche Claudio Fava, ufficialmente candidato in vista di queste primarie, che lancia un appello anche alle altre forze politiche sedute sui banchi dell\u2019opposizione in questi ultimi cinque anni: \u201cCi rivolgiamo anche ad Azione e +Europa, possono stare dentro sia con un candidato che senza, per un arricchimento di questo campo progressista che passa attraverso chi si candider\u00e0 ma anche attraverso chi sosterr\u00e0 la campagna elettorale. Mi rivolgo a quelle forze di opposizione in questo quinquennio di Musumeci, ma anche a tanti altri siciliani che sono fuori dai partiti \u2013 ha spiegato l\u2019ex presidente della Commissione Regionale Antimafia \u2013 Lombardo, a cui va la mia stima, \u00e8 fuori da questo campo, \u00e8 dentro a questo attuale governo, per cui lo riteniamo inserito in una coalizione diversa dalla nostra\u201d. <br \/>\u201cLeggiamo sui giornali quanti stracci volano dall\u2019altra parte \u2013 ha aggiunto, commentando le trattative interne al centrodestra per individuare il candidato \u2013 e come la scelta dei candidati sia dovuta a una corrispondenza tra Roma e Palermo. La nostra \u00e8 una scelta di stile per ragionare sulla Sicilia. Non credo che queste primarie siano una conta muscolare tra le forze politiche per vedere chi tra le formazioni di sinistra \u00e8 pi\u00f9 forte sul campo, penso sia il semplice confronto tra alcuni candidati, forse tre, forse di pi\u00f9. Esporranno il loro progetto a tutti i siciliani, anche a chi esce da questa stagione di governo umiliato e offeso da come avevano sperato in chi li ha poi traditi \u2013 ha concluso \u2013 Saremo all\u2019altezza di questa sfida\u201d.<br \/>foto xd7<br \/>(ITALPRESS).<div id=\"div-gpt-ad-Messinaoggi.it-DSK-300x250-corpoart\" style=\"text-align:center;margin:0 auto;\"><\/div><\/p>\n<\/div>\n<div id=\"videoincontent\" style=\"clear:both\";><\/div>","protected":false},"excerpt":{"rendered":"<p>PALERMO (ITALPRESS) \u2013 Avversari cinque anni fa, parte di un\u2019ampia coalizione oggi in vista delle elezioni regionali del 2022 in Sicilia. Le forze del campo progressista, Partito Democratico, Movimento 5 Stelle, Cento Passi per la Sicilia, Sinistra Italiana, Partito Socialista, Europa Verde, Articolo Uno, hanno deciso di affidare ai cittadini l\u2019ultima parola sulla selezione del [&hellip;]<\/p>\n","protected":false},"author":18,"featured_media":111540,"comment_status":"closed","ping_status":"closed","sticky":false,"template":"","format":"standard","meta":{"ub_ctt_via":"","_mi_skip_tracking":false},"categories":[2449],"tags":[783],"featured_image_src":"https:\/\/www.messinaoggi.it\/website\/wp-content\/uploads\/2022\/06\/20220618_0597.jpg","author_info":{"display_name":"Admin","author_link":"https:\/\/www.messinaoggi.it\/website\/author\/admin\/"},"digistream_id":0,"digistream":false,"_links":{"self":[{"href":"https:\/\/www.messinaoggi.it\/website\/wp-json\/wp\/v2\/posts\/111539"}],"collection":[{"href":"https:\/\/www.messinaoggi.it\/website\/wp-json\/wp\/v2\/posts"}],"about":[{"href":"https:\/\/www.messinaoggi.it\/website\/wp-json\/wp\/v2\/types\/post"}],"author":[{"embeddable":true,"href":"https:\/\/www.messinaoggi.it\/website\/wp-json\/wp\/v2\/users\/18"}],"replies":[{"embeddable":true,"href":"https:\/\/www.messinaoggi.it\/website\/wp-json\/wp\/v2\/comments?post=111539"}],"version-history":[{"count":0,"href":"https:\/\/www.messinaoggi.it\/website\/wp-json\/wp\/v2\/posts\/111539\/revisions"}],"wp:featuredmedia":[{"embeddable":true,"href":"https:\/\/www.messinaoggi.it\/website\/wp-json\/wp\/v2\/media\/111540"}],"wp:attachment":[{"href":"https:\/\/www.messinaoggi.it\/website\/wp-json\/wp\/v2\/media?parent=111539"}],"wp:term":[{"taxonomy":"category","embeddable":true,"href":"https:\/\/www.messinaoggi.it\/website\/wp-json\/wp\/v2\/categories?post=111539"},{"taxonomy":"post_tag","embeddable":true,"href":"https:\/\/www.messinaoggi.it\/website\/wp-json\/wp\/v2\/tags?post=111539"}],"curies":[{"name":"wp","href":"https:\/\/api.w.org\/{rel}","templated":true}]}}