{"id":111456,"date":"2022-06-17T18:23:00","date_gmt":"2022-06-17T16:23:00","guid":{"rendered":"http:\/\/www.messinaoggi.it\/website\/?p=111456"},"modified":"2022-06-17T18:23:08","modified_gmt":"2022-06-17T16:23:08","slug":"mattarella-a-taormina-bolognari-presidente-ci-aiuti","status":"publish","type":"post","link":"https:\/\/www.messinaoggi.it\/website\/2022\/06\/17\/mattarella-a-taormina-bolognari-presidente-ci-aiuti\/","title":{"rendered":"Mattarella a Taormina. Bolognari: &#8220;Presidente, ci aiuti&#8221;"},"content":{"rendered":"\n<p>Tutto pronto per l\u2019arrivo del presidente della Repubblica, Sergio Mattarella, che domani alle 18 arriver\u00e0 con l\u2019elicottero presidenziale all\u2019elipista del G7 dove sar\u00e0 accolto dal prefetto di Messina, Cosima di Stani. Poi in auto raggiunger\u00e0, attraverso l\u2019arco di Porta Catania, l\u2019ingresso di Palazzo dei Giurati dove ad attenderlo ci sar\u00e0 il sindaco, Mario Bolognari. Di seguito a piedi, nella passeggiata tradizionale sul corso Umberto, l\u2019amato presidente, raggiunger\u00e0 la piazza IX Aprile per presenziare a Taobuk. \u00c8 prevista la sua presenza fino alle 20. Si tratta di un ritorno a Taormina di Mattarella che ha raggiunto la citt\u00e0 del centauro, cinque anni fa, in occasione del G7. Numerosi i sopralluoghi effettuati dal vice questore, Fabio Ettaro. La citt\u00e0 si prepara a quello che rappresenta un vero e proprio evento tanto che \u00e8 stata vietata la sosta di tutti i veicoli, dalle ore 14 alle ore 21, con la previsione della rimozione forzata nelle vie Marconi, Bongiovanni (fino al varco di ingresso della Piscina Comunale), Don Bosco e Damiano Rosso. \u00c8 stato anche vietato il transito di tutti i veicoli, ad eccezione di quelli delle forze dell\u2019ordine e dei mezzi di soccorso, nel corso Umberto, da porta Catania a piazza Santa Caterina, dalle ore 16 alle ore 21. \u00c8 stato vietato il transito e la sosta di tutti i veicoli in via Teatro Greco e Piazza Vittorio Emanuele II, dalle ore 14 fino al termine di una ulteriore manifestazione che si terr\u00e0 presso il Teatro Antico. Sar\u00e0 riservato il parcheggio di \u201cPorta Pasquale\u201d e la terrazza del Parcheggio di \u201cPorta Catania\u201d per le autovetture di servizio e delle Autorit\u00e0 presenti alla cerimonia dalle ore 7 di sabato e fino al termine della stessa cerimonia. Il sindaco, Mario Bolognari, nel suo discorso di benvenuto chieder\u00e0 al presidente aiuto per l\u2019industria turistica locale.<div id=\"div-gpt-ad-Messinaoggi.it-DSK-300x250-corpoart\" style=\"text-align:center;margin:0 auto;\"><\/div><\/p>\n<div id=\"videoincontent\" style=\"clear:both\";><\/div>","protected":false},"excerpt":{"rendered":"<p>Tutto pronto per l\u2019arrivo del presidente della Repubblica, Sergio Mattarella, che domani alle 18 arriver\u00e0 con l\u2019elicottero presidenziale all\u2019elipista del G7 dove sar\u00e0 accolto dal prefetto di Messina, Cosima di Stani. Poi in auto raggiunger\u00e0, attraverso l\u2019arco di Porta Catania, l\u2019ingresso di Palazzo dei Giurati dove ad attenderlo ci sar\u00e0 il sindaco, Mario Bolognari. Di [&hellip;]<\/p>\n","protected":false},"author":4,"featured_media":106243,"comment_status":"open","ping_status":"open","sticky":false,"template":"","format":"standard","meta":{"ub_ctt_via":"","_mi_skip_tracking":false},"categories":[6],"tags":[2562,73],"featured_image_src":"https:\/\/www.messinaoggi.it\/website\/wp-content\/uploads\/2022\/04\/mattarella1.jpg","author_info":{"display_name":"redme","author_link":"https:\/\/www.messinaoggi.it\/website\/author\/redme\/"},"digistream_id":0,"digistream":false,"_links":{"self":[{"href":"https:\/\/www.messinaoggi.it\/website\/wp-json\/wp\/v2\/posts\/111456"}],"collection":[{"href":"https:\/\/www.messinaoggi.it\/website\/wp-json\/wp\/v2\/posts"}],"about":[{"href":"https:\/\/www.messinaoggi.it\/website\/wp-json\/wp\/v2\/types\/post"}],"author":[{"embeddable":true,"href":"https:\/\/www.messinaoggi.it\/website\/wp-json\/wp\/v2\/users\/4"}],"replies":[{"embeddable":true,"href":"https:\/\/www.messinaoggi.it\/website\/wp-json\/wp\/v2\/comments?post=111456"}],"version-history":[{"count":1,"href":"https:\/\/www.messinaoggi.it\/website\/wp-json\/wp\/v2\/posts\/111456\/revisions"}],"predecessor-version":[{"id":111457,"href":"https:\/\/www.messinaoggi.it\/website\/wp-json\/wp\/v2\/posts\/111456\/revisions\/111457"}],"wp:featuredmedia":[{"embeddable":true,"href":"https:\/\/www.messinaoggi.it\/website\/wp-json\/wp\/v2\/media\/106243"}],"wp:attachment":[{"href":"https:\/\/www.messinaoggi.it\/website\/wp-json\/wp\/v2\/media?parent=111456"}],"wp:term":[{"taxonomy":"category","embeddable":true,"href":"https:\/\/www.messinaoggi.it\/website\/wp-json\/wp\/v2\/categories?post=111456"},{"taxonomy":"post_tag","embeddable":true,"href":"https:\/\/www.messinaoggi.it\/website\/wp-json\/wp\/v2\/tags?post=111456"}],"curies":[{"name":"wp","href":"https:\/\/api.w.org\/{rel}","templated":true}]}}