{"id":111396,"date":"2022-06-17T12:17:37","date_gmt":"2022-06-17T10:17:37","guid":{"rendered":"https:\/\/www.messinaoggi.it\/website\/2022\/06\/17\/digitale-turano-grazie-a-progetto-sikelia-sicilia-nella-rete-europea\/"},"modified":"2022-06-17T12:20:54","modified_gmt":"2022-06-17T10:20:54","slug":"digitale-turano-grazie-a-progetto-sikelia-sicilia-nella-rete-europea","status":"publish","type":"post","link":"https:\/\/www.messinaoggi.it\/website\/2022\/06\/17\/digitale-turano-grazie-a-progetto-sikelia-sicilia-nella-rete-europea\/","title":{"rendered":"Digitale, Turano \u201cGrazie a progetto Sikelia Sicilia nella rete europea\u201d"},"content":{"rendered":"<div>\n<p>PALERMO (ITALPRESS) \u2013 \u00abLa rete regionale per l\u2019innovazione digitale Sikelia, aderente al partenariato ARTES 5.0 \u2013 Restart Italy, far\u00e0 parte dei 13 European Digital Innovation Hub italiani selezionati dalla Commissione Europea\u00bb. Ad annunciarlo \u00e8 l\u2019assessore regionale alle Attivit\u00e0 produttive della Regione Siciliana, Mimmo Turano, a margine dell\u2019evento \u201cBorsa della Ricerca \u2013 In.Sicily\u201d in corso ad Alcamo.  <br \/>\u00abSi tratta di un risultato molto importante \u2013 spiega il rappresentante del governo Musumeci \u2013 perch\u00e8 la nostra iniziativa regionale far\u00e0 parte della rete europea che avr\u00e0 il compito di assicurare la transizione digitale dell\u2019industria, con particolare riferimento alle Pmi, e della pubblica amministrazione attraverso l\u2019adozione delle tecnologie digitali avanzate, intelligenza artificiale, calcolo ad alte prestazioni, sicurezza informatica\u00bb. <br \/>La proposta ARTES 5.0, guidata dalla Scuola Superiore Sant\u2019Anna, di cui fa parte la proposta sostenuta dalla Regione Siciliana con le quattro Universit\u00e0 dell\u2019Isola, CNR , INFN e PST denominata \u201cSikelia\u201d \u00e8 stata selezionata dalla Commissione Europea fra i 13 progetti italiani finanziati al 100 per cento dall\u2019Ue e dal Ministero dello Sviluppo Economico. <br \/>\u00abDue anni fa \u2013 spiega Turano \u2013 con il collega Roberto Lagalla avevamo puntato tutto sulla costituzione di un\u2019aggregazione di tutti i soggetti interessati alla realizzazione di un Digital Innovation Hub regionale e l\u2019aggregazione con  il partenariato ARTES 5.0 \u2013 Reset Italy ha permesso a Sikelia di superare la selezione nazionale e poi quella europea\u00bb.<br \/>Soddisfatto anche Emanuele Spampinato, consigliere d\u2019amministrazione del Parco scientifico e tecnologico, delegato al coordinamento della rete Sikelia: \u00abLa nostra proposta si ispira al paradigma Industria 5.0 come definito dalla Commissione Europea con focus sulla Sustainability, ponendo una particolare enfasi sul Sud Europa e in particolare sul Mediterraneo \u2013 sottolinea Spampinato \u2013 Il focus tecnologico \u00e8 sull\u2019intelligenza artificiale mentre in termini di servizi vogliamo generare un grande impatto del Test Before Invest sulle attivit\u00e0 dell\u2019innovation hub\u00bb.<div id=\"div-gpt-ad-Messinaoggi.it-DSK-300x250-corpoart\" style=\"text-align:center;margin:0 auto;\"><\/div><\/p>\n<p>\u2013 foto: Ufficio stampa Regione Siciliana<div id=\"videoincontent\" style=\"clear:both\";><\/div><\/p>\n<p>(ITALPRESS).<\/p>\n<\/div>\n","protected":false},"excerpt":{"rendered":"<p>PALERMO (ITALPRESS) \u2013 \u00abLa rete regionale per l\u2019innovazione digitale Sikelia, aderente al partenariato ARTES 5.0 \u2013 Restart Italy, far\u00e0 parte dei 13 European Digital Innovation Hub italiani selezionati dalla Commissione Europea\u00bb. Ad annunciarlo \u00e8 l\u2019assessore regionale alle Attivit\u00e0 produttive della Regione Siciliana, Mimmo Turano, a margine dell\u2019evento \u201cBorsa della Ricerca \u2013 In.Sicily\u201d in corso ad [&hellip;]<\/p>\n","protected":false},"author":18,"featured_media":111397,"comment_status":"closed","ping_status":"closed","sticky":false,"template":"","format":"standard","meta":{"ub_ctt_via":"","_mi_skip_tracking":false},"categories":[6,2449],"tags":[783],"featured_image_src":"https:\/\/www.messinaoggi.it\/website\/wp-content\/uploads\/2022\/06\/20220617_0440.jpg","author_info":{"display_name":"Admin","author_link":"https:\/\/www.messinaoggi.it\/website\/author\/admin\/"},"digistream_id":0,"digistream":false,"_links":{"self":[{"href":"https:\/\/www.messinaoggi.it\/website\/wp-json\/wp\/v2\/posts\/111396"}],"collection":[{"href":"https:\/\/www.messinaoggi.it\/website\/wp-json\/wp\/v2\/posts"}],"about":[{"href":"https:\/\/www.messinaoggi.it\/website\/wp-json\/wp\/v2\/types\/post"}],"author":[{"embeddable":true,"href":"https:\/\/www.messinaoggi.it\/website\/wp-json\/wp\/v2\/users\/18"}],"replies":[{"embeddable":true,"href":"https:\/\/www.messinaoggi.it\/website\/wp-json\/wp\/v2\/comments?post=111396"}],"version-history":[{"count":1,"href":"https:\/\/www.messinaoggi.it\/website\/wp-json\/wp\/v2\/posts\/111396\/revisions"}],"predecessor-version":[{"id":111398,"href":"https:\/\/www.messinaoggi.it\/website\/wp-json\/wp\/v2\/posts\/111396\/revisions\/111398"}],"wp:featuredmedia":[{"embeddable":true,"href":"https:\/\/www.messinaoggi.it\/website\/wp-json\/wp\/v2\/media\/111397"}],"wp:attachment":[{"href":"https:\/\/www.messinaoggi.it\/website\/wp-json\/wp\/v2\/media?parent=111396"}],"wp:term":[{"taxonomy":"category","embeddable":true,"href":"https:\/\/www.messinaoggi.it\/website\/wp-json\/wp\/v2\/categories?post=111396"},{"taxonomy":"post_tag","embeddable":true,"href":"https:\/\/www.messinaoggi.it\/website\/wp-json\/wp\/v2\/tags?post=111396"}],"curies":[{"name":"wp","href":"https:\/\/api.w.org\/{rel}","templated":true}]}}