{"id":111385,"date":"2022-06-17T12:02:32","date_gmt":"2022-06-17T10:02:32","guid":{"rendered":"https:\/\/www.messinaoggi.it\/website\/2022\/06\/17\/a-palermo-shareit-2022-evento-dedicato-allinnovazione\/"},"modified":"2022-06-17T12:06:39","modified_gmt":"2022-06-17T10:06:39","slug":"a-palermo-shareit-2022-evento-dedicato-allinnovazione","status":"publish","type":"post","link":"https:\/\/www.messinaoggi.it\/website\/2022\/06\/17\/a-palermo-shareit-2022-evento-dedicato-allinnovazione\/","title":{"rendered":"A Palermo \u201cShareit 2022\u201d, evento dedicato all\u2019innovazione"},"content":{"rendered":"<div>\n<p>PALERMO (ITALPRESS) \u2013 \u201cPalermo, al pari di tutto il Paese, deve cogliere le nuove opportunit\u00e0. Vogliamo creare le condizioni per un forte sviluppo imprenditoriale e occupazionale, valorizzando le straordinarie risorse del nostro territorio. Con questa consapevolezza abbiamo voluto organizzare a Palermo l\u2019annuale appuntamento di \u2018Share It\u2019, un\u2019occasione importante per coinvolgere le migliori competenze e professionalit\u00e0 presenti sul territorio italiano con cui condividere esperienze e conoscenze e trasmettere l\u2019idea di come la classe imprenditoriale a Palermo sia pronta a un salto di qualit\u00e0\u201d.<br \/>Dario Scalia, da nove mesi presidente di Confcommercio Giovani Palermo, traccia un bilancio pi\u00f9 che positivo di \u201cShare It\u201d, l\u2019annuale appuntamento estivo dei Giovani Confcommercio progettato per condividere idee imprenditoriali, conoscere i nuovi trend di mercato e confrontarsi su nuovi progetti di sviluppo associativo.<br \/>Nella prima giornata si \u00e8 parlato di metaverso, nft (non fungible token) e nuovi sistemi di pagamento per rimettere poi le idee in gioco attraverso un hackathon di idee sui progetti associativi. La conclusione dell\u2019evento si \u00e8 tenuta oggi a Palazzo Steri, nella sede del rettorato dell\u2019Universit\u00e0, alla presenza di un centinaio di imprenditori del terziario di mercato provenienti da tutta Italia.  <br \/>\u201cL\u2019idea di ShareIt \u2013 ha commentato il presidente nazionale dei Giovani Confcommercio, Andrea Colzani \u2013 \u00e8 che la conclusione di questa \u201cdue giorni\u201d sia l\u2019inizio di un percorso, non una conclusione. Il lavoro fatto a Palermo, oltre a dare spunti di crescita come imprenditori e come persone, sar\u00e0 certamente di grande ispirazione al futuro del nostro Gruppo\u201d.<br \/>\u201cIn un momento di grande trasformazione in campo sociale ed economico \u2013 aggiunge Patrizia Di Dio, presidente di Confcommercio Palermo \u2013 va incentivato il contributo dei nostri giovani, spesso coraggioso e innovativo, che deve rappresentare una leva per lo sviluppo del territorio. Nel corso degli ultimi 20 anni, Palermo ha perduto parecchi dei suoi giovani migliori che, dopo aver investito qui per la loro formazione, hanno lasciato l\u2019Isola attratti dalle opportunit\u00e0 offerte dalle aziende del nord ed estere. Ora \u00e8 il momento giusto di invertire la tendenza, di trattenere i nostri cervelli pi\u00f9 brillanti. Ora o mai pi\u00f9 potremo creare le condizioni per dare una svolta concreta ad una terra che ha enormi margini di crescita\u201d. <br \/>(ITALPRESS).<div id=\"div-gpt-ad-Messinaoggi.it-DSK-300x250-corpoart\" style=\"text-align:center;margin:0 auto;\"><\/div><\/p>\n<\/div>\n<div id=\"videoincontent\" style=\"clear:both\";><\/div>","protected":false},"excerpt":{"rendered":"<p>PALERMO (ITALPRESS) \u2013 \u201cPalermo, al pari di tutto il Paese, deve cogliere le nuove opportunit\u00e0. Vogliamo creare le condizioni per un forte sviluppo imprenditoriale e occupazionale, valorizzando le straordinarie risorse del nostro territorio. Con questa consapevolezza abbiamo voluto organizzare a Palermo l\u2019annuale appuntamento di \u2018Share It\u2019, un\u2019occasione importante per coinvolgere le migliori competenze e professionalit\u00e0 [&hellip;]<\/p>\n","protected":false},"author":18,"featured_media":111386,"comment_status":"closed","ping_status":"closed","sticky":false,"template":"","format":"standard","meta":{"ub_ctt_via":"","_mi_skip_tracking":false},"categories":[11,2449],"tags":[783],"featured_image_src":"https:\/\/www.messinaoggi.it\/website\/wp-content\/uploads\/2022\/06\/20220617_0383.jpg","author_info":{"display_name":"Admin","author_link":"https:\/\/www.messinaoggi.it\/website\/author\/admin\/"},"digistream_id":0,"digistream":false,"_links":{"self":[{"href":"https:\/\/www.messinaoggi.it\/website\/wp-json\/wp\/v2\/posts\/111385"}],"collection":[{"href":"https:\/\/www.messinaoggi.it\/website\/wp-json\/wp\/v2\/posts"}],"about":[{"href":"https:\/\/www.messinaoggi.it\/website\/wp-json\/wp\/v2\/types\/post"}],"author":[{"embeddable":true,"href":"https:\/\/www.messinaoggi.it\/website\/wp-json\/wp\/v2\/users\/18"}],"replies":[{"embeddable":true,"href":"https:\/\/www.messinaoggi.it\/website\/wp-json\/wp\/v2\/comments?post=111385"}],"version-history":[{"count":1,"href":"https:\/\/www.messinaoggi.it\/website\/wp-json\/wp\/v2\/posts\/111385\/revisions"}],"predecessor-version":[{"id":111390,"href":"https:\/\/www.messinaoggi.it\/website\/wp-json\/wp\/v2\/posts\/111385\/revisions\/111390"}],"wp:featuredmedia":[{"embeddable":true,"href":"https:\/\/www.messinaoggi.it\/website\/wp-json\/wp\/v2\/media\/111386"}],"wp:attachment":[{"href":"https:\/\/www.messinaoggi.it\/website\/wp-json\/wp\/v2\/media?parent=111385"}],"wp:term":[{"taxonomy":"category","embeddable":true,"href":"https:\/\/www.messinaoggi.it\/website\/wp-json\/wp\/v2\/categories?post=111385"},{"taxonomy":"post_tag","embeddable":true,"href":"https:\/\/www.messinaoggi.it\/website\/wp-json\/wp\/v2\/tags?post=111385"}],"curies":[{"name":"wp","href":"https:\/\/api.w.org\/{rel}","templated":true}]}}