{"id":11134,"date":"2017-11-08T15:41:16","date_gmt":"2017-11-08T14:41:16","guid":{"rendered":"http:\/\/www.messinaoggi.it\/website\/?p=11134"},"modified":"2017-11-08T15:41:16","modified_gmt":"2017-11-08T14:41:16","slug":"de-luca-un-politico-massone-parente-di-un-magistrato-me-lo-aveva-detto-il-video","status":"publish","type":"post","link":"https:\/\/www.messinaoggi.it\/website\/2017\/11\/08\/de-luca-un-politico-massone-parente-di-un-magistrato-me-lo-aveva-detto-il-video\/","title":{"rendered":"De Luca: &quot;Un politico massone, parente di un magistrato me lo aveva detto&quot;. IL VIDEO"},"content":{"rendered":"<p>Cateno De Luca, finito questa mattina agli arresti domiciliari, dopo il post di questa mattina, ha postato un video in cui parla di un personaggio politico messinese, vicino alla massoneria, parente di un magistrato, il quale gli aveva annunciato il suo arresto.<br \/>\nUn video in cui il deputato regionale parla chiaramente di un complotto ordito ai suoi danni.\u00a0De Luca sostiene che dopo avere annunciato la sua candidatura a sindaco di Messina, l&#8217;1 gennaio scorso, &#8220;il primo che mi ha convocato nel suo salotto \u00e8 stato proprio questo personaggio che rappresenta questi ambienti e che era l&#8217;indicato a candidarsi a sindaco&#8221;. &#8220;Io ho avuto pi\u00f9\u00a0 richieste di aderire alla massoneria e ho sempre detto no, ma non perch\u00e9 non la condivida ma perch\u00e8 sono un uomo libero &#8211; afferma &#8211; Il marcio c&#8217;\u00e8 in politica, c&#8217;\u00e8 nella massoneria, c&#8217;\u00e8 nella magistratura, c&#8217;\u00e8 nella chiesa. Non bisogna mai generalizzare&#8221;. E ancora: &#8220;Questa battaglia io la porto avanti fino in fondo, ho fatto due denunce contro una parte della magistratura e gli organi inquirenti. E lo dico chiaramente: mi possono solo ammazzare, ma continuer\u00f2 a testa alta a difendere la mia dignit\u00e0 e tutti coloro che non hanno la forza e i mezzi per potersi difendere e che si sono ammazzati per la malagiustizia&#8221;. &#8220;Non pensabile &#8211; continua De Luca &#8211; che in uno Stato libero, quando dici ai magistrati che sbagliano ti sei sostanzialmente scritto la sentenza di morte&#8221;. E conclude: &#8220;Diffondetelo questo video, in modo tale che anche i cosiddetti giustizialisti improvvisati ne prendano atto: Cateno De Luca non si far\u00e0 macinare dal fango, fino a quando avra&#8217; l&#8217;ultimo respiro si difender\u00e0 in tutti i luoghi&#8221;.<br \/>\n<strong>Ecco il video<\/strong><br \/>\n<span style=\"color: #ff0000;\"><a href=\"https:\/\/www.facebook.com\/cateno.deluca.5\/videos\/2071411723086807\/?fref=ts\">https:\/\/www.facebook.com\/cateno.deluca.5\/videos\/2071411723086807\/?fref=ts<\/a><\/span><br \/>\n <div id=\"div-gpt-ad-Messinaoggi.it-DSK-300x250-corpoart\" style=\"text-align:center;margin:0 auto;\"><\/div><\/p>\n<div id=\"videoincontent\" style=\"clear:both\";><\/div>","protected":false},"excerpt":{"rendered":"<p>Cateno De Luca, finito questa mattina agli arresti domiciliari, dopo il post di questa mattina, ha postato un video in cui parla di un personaggio politico messinese, vicino alla massoneria, parente di un magistrato, il quale gli aveva annunciato il suo arresto. Un video in cui il deputato regionale parla chiaramente di un complotto ordito [&hellip;]<\/p>\n","protected":false},"author":2,"featured_media":7806,"comment_status":"closed","ping_status":"open","sticky":false,"template":"","format":"standard","meta":{"ub_ctt_via":"","_mi_skip_tracking":false},"categories":[19],"tags":[],"featured_image_src":"https:\/\/www.messinaoggi.it\/website\/wp-content\/uploads\/2017\/09\/cateno-de-luca-2017-RRP_9736-2.jpg","author_info":{"display_name":"Redazione","author_link":"https:\/\/www.messinaoggi.it\/website\/author\/redazione\/"},"digistream_id":0,"digistream":false,"_links":{"self":[{"href":"https:\/\/www.messinaoggi.it\/website\/wp-json\/wp\/v2\/posts\/11134"}],"collection":[{"href":"https:\/\/www.messinaoggi.it\/website\/wp-json\/wp\/v2\/posts"}],"about":[{"href":"https:\/\/www.messinaoggi.it\/website\/wp-json\/wp\/v2\/types\/post"}],"author":[{"embeddable":true,"href":"https:\/\/www.messinaoggi.it\/website\/wp-json\/wp\/v2\/users\/2"}],"replies":[{"embeddable":true,"href":"https:\/\/www.messinaoggi.it\/website\/wp-json\/wp\/v2\/comments?post=11134"}],"version-history":[{"count":0,"href":"https:\/\/www.messinaoggi.it\/website\/wp-json\/wp\/v2\/posts\/11134\/revisions"}],"wp:featuredmedia":[{"embeddable":true,"href":"https:\/\/www.messinaoggi.it\/website\/wp-json\/wp\/v2\/media\/7806"}],"wp:attachment":[{"href":"https:\/\/www.messinaoggi.it\/website\/wp-json\/wp\/v2\/media?parent=11134"}],"wp:term":[{"taxonomy":"category","embeddable":true,"href":"https:\/\/www.messinaoggi.it\/website\/wp-json\/wp\/v2\/categories?post=11134"},{"taxonomy":"post_tag","embeddable":true,"href":"https:\/\/www.messinaoggi.it\/website\/wp-json\/wp\/v2\/tags?post=11134"}],"curies":[{"name":"wp","href":"https:\/\/api.w.org\/{rel}","templated":true}]}}