{"id":111331,"date":"2022-06-16T19:07:44","date_gmt":"2022-06-16T17:07:44","guid":{"rendered":"https:\/\/www.messinaoggi.it\/website\/2022\/06\/16\/draghi-sul-gas-per-linverno-siamo-tranquilli\/"},"modified":"2022-06-16T19:07:44","modified_gmt":"2022-06-16T17:07:44","slug":"draghi-sul-gas-per-linverno-siamo-tranquilli","status":"publish","type":"post","link":"https:\/\/www.messinaoggi.it\/website\/2022\/06\/16\/draghi-sul-gas-per-linverno-siamo-tranquilli\/","title":{"rendered":"Draghi \u201cSul gas per l\u2019inverno siamo tranquilli\u201d"},"content":{"rendered":"<div>ROMA (ITALPRESS) &#8211; &#8220;Siamo arrivati al 52% dei livelli di stoccaggio del gas, siamo abbastanza tranquilli nell&#8217;immediato e per l&#8217;inverno&#8221;. Cos\u00ec il presidente del Consiglio, Mario Draghi, in conferenza stampa a Kiev. Parlando poi del tagli alle forniture effettuato dalla Russia, secondo Draghi &#8220;in realt\u00e0 c&#8217;\u00e8 un uso politico del gas, cos\u00ec come del grano: i motivi dei tagli delle forniture di gas ci viene detto che sono tecnici, legati a pezzi per la manutenzione che non arrivano a causa delle sanzioni, ma noi come la Germania riteniamo che siano bugie&#8221;. Il premier ha risposto anche sulla questione dell&#8217;aumento dei tassi di interesse da parte della Bce: &#8220;L&#8217;inflazione c&#8217;\u00e8, in alcuni paesi del 20%, o del 12 o del 15. Quindi una reazione in termini di aumento dei tassi d&#8217;interesse \u00e8 inevitabile. La situazione in Europa al momento \u00e8 diversa dagli Usa, dove c&#8217;\u00e8 stato un aumento di 0,75% decisa dalla Fed che \u00e8 il pi\u00f9 grande aumento in una sola decisione nell&#8217;arco di 30 anni. Questo perch\u00e8 l&#8217;inflazione negli Usa \u00e8 alta ma l&#8217;economia sta andando molto forte, \u00e8 a pieno impiego. La situazione \u00e8 diversa da noi, dove se uno riesce a definire l&#8217;inflazione senza considerare gli aumenti dell&#8217;energia e delle materie prime l&#8217;inflazione \u00e8 molto pi\u00f9 bassa degli Usa. Quindi ci si aspetta un ritmo di aggiustamento pi\u00f9 graduale, quello che mi pare la Bce ha fatto&#8221;. <br \/>&#8211; Foto Palazzo Chigi &#8211;<br \/>(ITALPRESS).<\/div>\n<div id=\"div-gpt-ad-Messinaoggi.it-DSK-300x250-corpoart\" style=\"text-align:center;margin:0 auto;\"><\/div><\/p><div id=\"videoincontent\" style=\"clear:both\";><\/div>","protected":false},"excerpt":{"rendered":"<p>ROMA (ITALPRESS) &#8211; &#8220;Siamo arrivati al 52% dei livelli di stoccaggio del gas, siamo abbastanza tranquilli nell&#8217;immediato e per l&#8217;inverno&#8221;. Cos\u00ec il presidente del Consiglio, Mario Draghi, in conferenza stampa a Kiev. Parlando poi del tagli alle forniture effettuato dalla Russia, secondo Draghi &#8220;in realt\u00e0 c&#8217;\u00e8 un uso politico del gas, cos\u00ec come del grano: [&hellip;]<\/p>\n","protected":false},"author":18,"featured_media":111332,"comment_status":"closed","ping_status":"closed","sticky":false,"template":"","format":"standard","meta":{"ub_ctt_via":"","_mi_skip_tracking":false},"categories":[446],"tags":[783],"featured_image_src":"https:\/\/www.messinaoggi.it\/website\/wp-content\/uploads\/2022\/06\/20220616_2083.jpg","author_info":{"display_name":"Admin","author_link":"https:\/\/www.messinaoggi.it\/website\/author\/admin\/"},"digistream_id":0,"digistream":false,"_links":{"self":[{"href":"https:\/\/www.messinaoggi.it\/website\/wp-json\/wp\/v2\/posts\/111331"}],"collection":[{"href":"https:\/\/www.messinaoggi.it\/website\/wp-json\/wp\/v2\/posts"}],"about":[{"href":"https:\/\/www.messinaoggi.it\/website\/wp-json\/wp\/v2\/types\/post"}],"author":[{"embeddable":true,"href":"https:\/\/www.messinaoggi.it\/website\/wp-json\/wp\/v2\/users\/18"}],"replies":[{"embeddable":true,"href":"https:\/\/www.messinaoggi.it\/website\/wp-json\/wp\/v2\/comments?post=111331"}],"version-history":[{"count":0,"href":"https:\/\/www.messinaoggi.it\/website\/wp-json\/wp\/v2\/posts\/111331\/revisions"}],"wp:featuredmedia":[{"embeddable":true,"href":"https:\/\/www.messinaoggi.it\/website\/wp-json\/wp\/v2\/media\/111332"}],"wp:attachment":[{"href":"https:\/\/www.messinaoggi.it\/website\/wp-json\/wp\/v2\/media?parent=111331"}],"wp:term":[{"taxonomy":"category","embeddable":true,"href":"https:\/\/www.messinaoggi.it\/website\/wp-json\/wp\/v2\/categories?post=111331"},{"taxonomy":"post_tag","embeddable":true,"href":"https:\/\/www.messinaoggi.it\/website\/wp-json\/wp\/v2\/tags?post=111331"}],"curies":[{"name":"wp","href":"https:\/\/api.w.org\/{rel}","templated":true}]}}