{"id":111305,"date":"2022-06-16T15:07:37","date_gmt":"2022-06-16T13:07:37","guid":{"rendered":"https:\/\/www.messinaoggi.it\/website\/2022\/06\/16\/milano-bicocca-a-un-anno-dal-titolo-lavora-l827-dei-laureati\/"},"modified":"2022-06-16T15:07:37","modified_gmt":"2022-06-16T13:07:37","slug":"milano-bicocca-a-un-anno-dal-titolo-lavora-l827-dei-laureati","status":"publish","type":"post","link":"https:\/\/www.messinaoggi.it\/website\/2022\/06\/16\/milano-bicocca-a-un-anno-dal-titolo-lavora-l827-dei-laureati\/","title":{"rendered":"Milano-Bicocca, a un anno dal titolo lavora l\u201982,7% dei laureati"},"content":{"rendered":"<div>MILANO (ITALPRESS) &#8211; Il tasso di occupazione dei laureati di Milano-Bicocca sale ancora: a un anno dal conseguimento del titolo triennale l&#8217;82,7 per cento \u00e8 impiegato, rispetto ad una media nazionale del 74,5 per cento e regionale del 79,1 per cento. Lo stesso trend positivo emerge dall&#8217;analisi dei dati dei laureati di secondo livello (corsi magistrali e a ciclo unico): a un anno dal conseguimento del titolo, il tasso di occupazione \u00e8 pari all&#8217;82,1 per cento, 7,5 punti in pi\u00f9 del dato nazionale (74,6 per cento) e un punto in pi\u00f9 del dato lombardo (81 per cento). Dati confermati a cinque anni dalla laurea: il tasso di occupazione sale al 91,8 per cento, 3,3 punti in pi\u00f9 della media nazionale (88,5 per cento) e in linea con il dato regionale (91,1 per cento).<br \/>Sono questi i dati del placement di Milano-Bicocca registrati dal Rapporto 2022 sul Profilo e la Condizione Occupazionale dei laureati svolto dal Consorzio interuniversitario AlmaLaurea L&#8217;analisi &#8211; che \u00e8 stata presentata oggi all&#8217;Universit\u00e0 di Bologna &#8211; ha coinvolto 76 universit\u00e0 aderenti al Consorzio.<br \/>Il Rapporto sulla condizione occupazionale ha riguardato complessivamente 12.512 laureati dell&#8217;Universit\u00e0 di Milano-Bicocca, concentrandosi sull&#8217;analisi delle performance dei laureati di primo e di secondo livello del 2020 (rispettivamente 4.345 e 3.073 in tutto) e intervistati a un anno dal titolo, e di quelle dei laureati di secondo livello del 2016 (2.427) e intervistati dopo cinque anni.<br \/>Il 62 per cento dei laureati di primo livello ha deciso di proseguire il percorso formativo con un corso di secondo livello.<br \/>Osservando chi invece non prosegue gli studi, a un anno del conseguimento del titolo, si riscontra un tasso di occupazione pari all&#8217;82,7 per cento (0,6 punti in pi\u00f9 dell&#8217;anno precedente) mentre quello di disoccupazione \u00e8 al 6,3 per cento (2,4 punti in meno dei laureati 2019). La riduzione del tasso di disoccupazione e l&#8217;aumento di quello di occupazione \u00e8 il segnale della ripresa dopo le difficolt\u00e0 di inserimento dei giovani nel mercato del lavoro causato dalla pandemia di Covid-19.<br \/>Tra gli occupati, il 21,3 per cento prosegue il lavoro iniziato prima della laurea, il 23,9 per cento ha invece cambiato lavoro, il 54,8 per cento ha iniziato a lavorare solo dopo il conseguimento del titolo. Il 32,6 per cento degli occupati pu\u00f2 contare su un lavoro a tempo indeterminato, mentre il 40,7 su un lavoro non standard (in particolare su un contratto a tempo determinato), il 9 per cento svolge un&#8217;attivit\u00e0 autonoma (come libero professionista, lavoratore in proprio, imprenditore, etc.).<br \/>Il lavoro part-time coinvolge il 16,5 per cento degli occupati.<br \/>Per quanto concerne la componente retributiva il valore medio \u00e8 di 1.365 euro mensili netti. <br \/>Tra i laureati nei corsi magistrali e a ciclo unico, a un anno dal conseguimento del titolo, il tasso di occupazione \u00e8 pari al 82,1 per cento (4,1 punti in pi\u00f9 dell&#8217;anno precedente) e il tasso di disoccupazione \u00e8 pari al 7,1 per cento (3,9 punti in meno del 2019). Anche in questo caso da notare il miglioramento dopo la pandemia di Covid-19.<br \/>Il 27,9 per cento prosegue il lavoro iniziato prima della laurea, il 19,3 per cento ha invece cambiato lavoro ed il 52,8 per cento ha iniziato a lavorare solo dopo il conseguimento del titolo. Il 33,4 per cento \u00e8 stato assunto con contratto a tempo indeterminato mentre il 37,3 per cento svolge un lavoro non standard, l&#8217;8,2 per cento \u00e8 impegnato in un&#8217;attivit\u00e0 autonoma. Il lavoro part-time coinvolge il 16,9 per cento degli occupati e la retribuzione e? in media di 1.399 euro mensili netti. <br \/>A cinque anni dalla laurea, il tasso di occupazione si attesta al 91,8 per cento e quello di disoccupazione al 2,3 per cento. Gli occupati assunti con contratto a tempo indeterminato sono il 64,5 per cento, mentre gli occupati che svolgono un lavoro non standard sono il 14,1 per cento. Svolge un lavoro autonomo il 15,9 per cento e il lavoro part-time coinvolge il 7,3 per cento degli occupati. Le retribuzioni arrivano in media a 1.679 euro mensili netti (124 euro in pi\u00f9 del 2019).<br \/>Il settore economico di maggior impiego si conferma quello dei servizi che assorbe il 83,9 per cento dei laureati, mentre l&#8217;industria accoglie il 15,6 per cento degli occupati e decisamente marginale (0,3 per cento) \u00e8 la quota di chi lavora nell&#8217;agricoltura. <br \/>Osservando invece le caratteristiche della popolazione dei laureati (triennali e magistrali) emerge una significativa presenza di giovani che provengono da studi liceali, il 72,2 per cento, seguiti da diplomati tecnici (23,3 per cento), una parte residuale riguarda giovani con diploma professionale. L&#8217;et\u00e0 media alla laurea e? 25,2 anni per il complesso dei laureati (24,2 anni per i laureati di primo livello e di 26,7 anni per i magistrali biennali). E&#8217; importante considerare che non tutti i diplomati si immatricolano subito dopo aver ottenuto il titolo di scuola secondaria superiore, un fatto che certamente incide sull&#8217;et\u00e0 media alla laurea. Il 71,3 per cento (2,9 punti in pi\u00f9 rispetto al 2020) dei laureati termina l&#8217;universit\u00e0 in corso: in particolare e? il 69,6 per cento tra i triennali e il 75 per cento tra i magistrali biennali. Il voto medio di laurea e? 100,9 per i laureati di primo livello e 107,8 per i magistrali biennali. <br \/>Durante il percorso di studi ben il 74 per cento degli intervistati ha dichiarato di lavorare, un dato superiore di quasi 10 punti percentuali rispetto al dato medio nazionale, e il 49,6 per cento ha effettuato tirocini riconosciuti dal corso di laurea.<br \/>I laureati Bicocca hanno dato un giudizio certamente positivo del percorso fatto: il 92,3 per cento si dichiara complessivamente soddisfatto e il 75,7 per cento confermerebbe la scelta fatta.<br \/>&#8220;Anche quest&#8217;anno emerge un rapporto virtuoso tra Milano-Bicocca e il mondo del lavoro &#8211; ha detto Giovanna Iannantuoni, rettrice dell&#8217;Universit\u00e0 di Milano-Bicocca -. L&#8217;alto tasso di placement conferma la qualit\u00e0 della didattica, della ricerca e dei servizi di orientamento del nostro ateneo, uno stimolo ad andare avanti in questa direzione&#8221;. <br \/>&#8220;I dati del rapporto 2022 di AlmaLaurea relativi all&#8217;Universit\u00e0 di Milano-Bicocca, &#8211;  ha detto Mario Mezzanzanica, prorettore per l&#8217;Alta formazione e il job placement dell&#8217;ateneo milanese &#8211; mostrano segnali decisamente confortanti: nell&#8217;anno in cui la pandemia di covid \u00e8 stata maggiormente significativa (rilevazione 2021 su laureati 2020) crescono i tassi di occupazione dei nostri laureati triennali e soprattutto magistrali (questi ultimi di oltre 4 punti percentuali). Un segnale molto confortante che manifesta la positiva risposta dei percorsi di studio del nostro Ateneo alla richiesta delle imprese di professionalit\u00e0 altamente qualificate. Professionalit\u00e0 che sono sempre pi\u00f9 indispensabili per l&#8217;innovazione delle imprese, in un periodo di profondi cambiamenti economici e sociali&#8221;. <div id=\"div-gpt-ad-Messinaoggi.it-DSK-300x250-corpoart\" style=\"text-align:center;margin:0 auto;\"><\/div><\/p>\n<p>&#8211; foto: agenziafotogramma.it <div id=\"videoincontent\" style=\"clear:both\";><\/div><\/p>\n<p>(ITALPRESS).<\/p><\/div>\n","protected":false},"excerpt":{"rendered":"<p>MILANO (ITALPRESS) &#8211; Il tasso di occupazione dei laureati di Milano-Bicocca sale ancora: a un anno dal conseguimento del titolo triennale l&#8217;82,7 per cento \u00e8 impiegato, rispetto ad una media nazionale del 74,5 per cento e regionale del 79,1 per cento. Lo stesso trend positivo emerge dall&#8217;analisi dei dati dei laureati di secondo livello (corsi [&hellip;]<\/p>\n","protected":false},"author":18,"featured_media":111306,"comment_status":"closed","ping_status":"closed","sticky":false,"template":"","format":"standard","meta":{"ub_ctt_via":"","_mi_skip_tracking":false},"categories":[446],"tags":[783],"featured_image_src":"https:\/\/www.messinaoggi.it\/website\/wp-content\/uploads\/2022\/06\/20220616_0822.jpg","author_info":{"display_name":"Admin","author_link":"https:\/\/www.messinaoggi.it\/website\/author\/admin\/"},"digistream_id":0,"digistream":false,"_links":{"self":[{"href":"https:\/\/www.messinaoggi.it\/website\/wp-json\/wp\/v2\/posts\/111305"}],"collection":[{"href":"https:\/\/www.messinaoggi.it\/website\/wp-json\/wp\/v2\/posts"}],"about":[{"href":"https:\/\/www.messinaoggi.it\/website\/wp-json\/wp\/v2\/types\/post"}],"author":[{"embeddable":true,"href":"https:\/\/www.messinaoggi.it\/website\/wp-json\/wp\/v2\/users\/18"}],"replies":[{"embeddable":true,"href":"https:\/\/www.messinaoggi.it\/website\/wp-json\/wp\/v2\/comments?post=111305"}],"version-history":[{"count":0,"href":"https:\/\/www.messinaoggi.it\/website\/wp-json\/wp\/v2\/posts\/111305\/revisions"}],"wp:featuredmedia":[{"embeddable":true,"href":"https:\/\/www.messinaoggi.it\/website\/wp-json\/wp\/v2\/media\/111306"}],"wp:attachment":[{"href":"https:\/\/www.messinaoggi.it\/website\/wp-json\/wp\/v2\/media?parent=111305"}],"wp:term":[{"taxonomy":"category","embeddable":true,"href":"https:\/\/www.messinaoggi.it\/website\/wp-json\/wp\/v2\/categories?post=111305"},{"taxonomy":"post_tag","embeddable":true,"href":"https:\/\/www.messinaoggi.it\/website\/wp-json\/wp\/v2\/tags?post=111305"}],"curies":[{"name":"wp","href":"https:\/\/api.w.org\/{rel}","templated":true}]}}