{"id":111303,"date":"2022-06-16T15:07:36","date_gmt":"2022-06-16T13:07:36","guid":{"rendered":"https:\/\/www.messinaoggi.it\/website\/2022\/06\/16\/inclusion-diversity-bayer-sponsor-del-milano-pride-2022\/"},"modified":"2022-06-16T15:07:36","modified_gmt":"2022-06-16T13:07:36","slug":"inclusion-diversity-bayer-sponsor-del-milano-pride-2022","status":"publish","type":"post","link":"https:\/\/www.messinaoggi.it\/website\/2022\/06\/16\/inclusion-diversity-bayer-sponsor-del-milano-pride-2022\/","title":{"rendered":"Inclusion &amp; Diversity, Bayer sponsor del \u201cMilano Pride 2022\u201d"},"content":{"rendered":"<div>MILANO (ITALPRESS) &#8211; Bayer quest&#8217;anno sar\u00e0 sponsor del Milano Pride 2022 per dare voce alla comunit\u00e0 LGBT+ con una serie di iniziative che culmineranno con la Parata del 2 luglio, alla quale parteciper\u00e0 come #TeamBayer coinvolgendo tutti i dipendenti per farli sentire parte di una azienda aperta, dove ognuno si possa sentire libero e unico, indipendentemente dal proprio orientamento sessuale o identit\u00e0 di genere. Il Milano Pride \u00e8 un appuntamento che da sempre, fin dal 2001 con la prima edizione, \u00e8 di grande impatto sociale e di potente azione comunicativa nel quale Bayer si identifica come azienda dai forti e radicati valori inclusivi. Anche Citrosodina, prodotto Bayer icona del Made in Italy, celebra il mese del Pride con una nuova, sgargiante veste da collezionare. Il pack, con i colori della bandiera arcobaleno, \u00e8 gi\u00e0 disponibile in edizione limitata nelle farmacie e parafarmacie selezionate in tutta Italia.<br \/>Negli anni il Gruppo ha partecipato a numerose parate ed eventi organizzate in giro per il mondo. Bayer \u00e8 molto impegnata nelle tematiche di Inclusion &amp; Diversity e da anni promuove attivit\u00e0 dedicate alla comunit\u00e0 LGBT+ grazie a BLEND, una comunit\u00e0 globale creata dai propri dipendenti LGBT+ e altri sostenitori che ha come obiettivo principale quello di sensibilizzare l&#8217;opinione pubblica sulle questioni LGBT+ e di promuovere una cultura aziendale sempre pi\u00f9 inclusiva e aperta all&#8217;unicit\u00e0 delle persone.<br \/>In particolare, nel mese di giugno in cui si celebra l&#8217;orgoglio della comunit\u00e0 LBGT+, l&#8217;azienda organizza numerose attivit\u00e0 per aumentare ancor di pi\u00f9 la consapevolezza e amplificare la voce a favore dell&#8217;affermazione dei diritti uguali per tutti.<br \/>Per questa occasione Bayer ha inoltre disegnato una nuova versione del suo logo basata sui colori arcobaleno che caratterizzano la bandiera simbolo del movimento LGBT+ e che sar\u00e0 anche stampata sulle magliette che indosseranno i dipendenti che prenderanno parte alla Parata.<div id=\"div-gpt-ad-Messinaoggi.it-DSK-300x250-corpoart\" style=\"text-align:center;margin:0 auto;\"><\/div><\/p>\n<p>&#8211; foto ufficio stampa Bayer &#8211;<br \/>(ITALPRESS).<\/div>\n<div id=\"videoincontent\" style=\"clear:both\";><\/div>","protected":false},"excerpt":{"rendered":"<p>MILANO (ITALPRESS) &#8211; Bayer quest&#8217;anno sar\u00e0 sponsor del Milano Pride 2022 per dare voce alla comunit\u00e0 LGBT+ con una serie di iniziative che culmineranno con la Parata del 2 luglio, alla quale parteciper\u00e0 come #TeamBayer coinvolgendo tutti i dipendenti per farli sentire parte di una azienda aperta, dove ognuno si possa sentire libero e unico, [&hellip;]<\/p>\n","protected":false},"author":18,"featured_media":111304,"comment_status":"closed","ping_status":"closed","sticky":false,"template":"","format":"standard","meta":{"ub_ctt_via":"","_mi_skip_tracking":false},"categories":[446],"tags":[783],"featured_image_src":"https:\/\/www.messinaoggi.it\/website\/wp-content\/uploads\/2022\/06\/20220616_0821.jpg","author_info":{"display_name":"Admin","author_link":"https:\/\/www.messinaoggi.it\/website\/author\/admin\/"},"digistream_id":0,"digistream":false,"_links":{"self":[{"href":"https:\/\/www.messinaoggi.it\/website\/wp-json\/wp\/v2\/posts\/111303"}],"collection":[{"href":"https:\/\/www.messinaoggi.it\/website\/wp-json\/wp\/v2\/posts"}],"about":[{"href":"https:\/\/www.messinaoggi.it\/website\/wp-json\/wp\/v2\/types\/post"}],"author":[{"embeddable":true,"href":"https:\/\/www.messinaoggi.it\/website\/wp-json\/wp\/v2\/users\/18"}],"replies":[{"embeddable":true,"href":"https:\/\/www.messinaoggi.it\/website\/wp-json\/wp\/v2\/comments?post=111303"}],"version-history":[{"count":0,"href":"https:\/\/www.messinaoggi.it\/website\/wp-json\/wp\/v2\/posts\/111303\/revisions"}],"wp:featuredmedia":[{"embeddable":true,"href":"https:\/\/www.messinaoggi.it\/website\/wp-json\/wp\/v2\/media\/111304"}],"wp:attachment":[{"href":"https:\/\/www.messinaoggi.it\/website\/wp-json\/wp\/v2\/media?parent=111303"}],"wp:term":[{"taxonomy":"category","embeddable":true,"href":"https:\/\/www.messinaoggi.it\/website\/wp-json\/wp\/v2\/categories?post=111303"},{"taxonomy":"post_tag","embeddable":true,"href":"https:\/\/www.messinaoggi.it\/website\/wp-json\/wp\/v2\/tags?post=111303"}],"curies":[{"name":"wp","href":"https:\/\/api.w.org\/{rel}","templated":true}]}}