{"id":111301,"date":"2022-06-16T15:07:35","date_gmt":"2022-06-16T13:07:35","guid":{"rendered":"https:\/\/www.messinaoggi.it\/website\/2022\/06\/16\/di-maio-non-possiamo-attaccare-il-governo-per-imitare-salvini\/"},"modified":"2022-06-16T15:07:35","modified_gmt":"2022-06-16T13:07:35","slug":"di-maio-non-possiamo-attaccare-il-governo-per-imitare-salvini","status":"publish","type":"post","link":"https:\/\/www.messinaoggi.it\/website\/2022\/06\/16\/di-maio-non-possiamo-attaccare-il-governo-per-imitare-salvini\/","title":{"rendered":"Di Maio \u201cNon possiamo attaccare il Governo per imitare Salvini\u201d"},"content":{"rendered":"<div>ROMA (ITALPRESS) &#8211; &#8220;Non credo sia opportuno assumere decisioni che disallineano l&#8217;Italia dall&#8217;alleanza Nato e dalla Ue. Non credo sia opportuno mettere nella risoluzione che impegna il Presidente del Consiglio ad andare in Consiglio europei frasi o contenuti che ci disallineano di fatto dalle nostre alleanze storiche. L&#8217;Italia non \u00e8 un Paese neutrale, ma \u00e8 all&#8217;interno di alleanze storiche da molto tempo grazie ai nostri padri fondatori. Come credo che serva la massima compattezza per ottenere il tetto massimo al prezzo del gas. Non credo che possiamo stare al Governo e poi un giorno s\u00ec un giorno no per imitare Salvini si vada ad attaccare il Governo&#8221;. Cos\u00ec il ministro degli Esteri Luigi Di Maio parlando con i giornalisti. Riferendosi, senza nominarlo, al presidente del M5s Giuseppe Conte. &#8220;Io credo che \u00e8 normale che ci sia un elettorato disorientato &#8211; ha aggiunto Di Maio &#8211; Non abbiamo mai brillato alle amministrative, ne sono testimone, ma non siamo neanche mai andati cos\u00ec male. Questo succede quando anche il nostro elettorato \u00e8 disorientato. Credo che il M5s debba fare un grande sforzo di democrazia interna. Anche su questo, non veniamo da una grande storia di democrazia interna, ma proprio per questo, anche rispetto a un nuovo corso, servirebbe maggiore inclusivit\u00e0, pi\u00f9 dibattito interno, anche includere di pi\u00f9 persone esterne che chiedono di essere coinvolte&#8221;. &#8220;Ma non si pu\u00f2 dare sempre la colpa agli altri, non si pu\u00f2 risalire all&#8217;elezione del Presidente della Repubblica per dire che le amministrative sono andate cos\u00ec male &#8211; ha aggiunto &#8211; Credo che bisogna assumersi anche un p\u00f2 delle responsabilit\u00e0 rispetto a un&#8217;autoreferenzialit\u00e0 che andrebbe superata. Lo dico a voi perch\u00e8 non esiste un posto dove poterlo dire oggi&#8221;. &#8220;Noi &#8211; ha concluso &#8211; siamo una forza politica che ambisce a guardare al 2050, ma che in realt\u00e0 sta guardando a rima del 2018, che era un altro mondo. E c&#8217;\u00e8 una radicalizzazione in corso, che sinceramente, anche rispetto alla politica estera e alle alleanze in corso vede in questo momento un&#8217;ambiguit\u00e0 su cui io non concordo&#8221;.<br \/>\n(ITALPRESS).<\/div>\n<div id=\"div-gpt-ad-Messinaoggi.it-DSK-300x250-corpoart\" style=\"text-align:center;margin:0 auto;\"><\/div><\/p><div id=\"videoincontent\" style=\"clear:both\";><\/div>","protected":false},"excerpt":{"rendered":"<p>ROMA (ITALPRESS) &#8211; &#8220;Non credo sia opportuno assumere decisioni che disallineano l&#8217;Italia dall&#8217;alleanza Nato e dalla Ue. Non credo sia opportuno mettere nella risoluzione che impegna il Presidente del Consiglio ad andare in Consiglio europei frasi o contenuti che ci disallineano di fatto dalle nostre alleanze storiche. L&#8217;Italia non \u00e8 un Paese neutrale, ma \u00e8 [&hellip;]<\/p>\n","protected":false},"author":18,"featured_media":111302,"comment_status":"closed","ping_status":"closed","sticky":false,"template":"","format":"standard","meta":{"ub_ctt_via":"","_mi_skip_tracking":false},"categories":[446],"tags":[783],"featured_image_src":"https:\/\/www.messinaoggi.it\/website\/wp-content\/uploads\/2022\/06\/20220616_0741.jpg","author_info":{"display_name":"Admin","author_link":"https:\/\/www.messinaoggi.it\/website\/author\/admin\/"},"digistream_id":0,"digistream":false,"_links":{"self":[{"href":"https:\/\/www.messinaoggi.it\/website\/wp-json\/wp\/v2\/posts\/111301"}],"collection":[{"href":"https:\/\/www.messinaoggi.it\/website\/wp-json\/wp\/v2\/posts"}],"about":[{"href":"https:\/\/www.messinaoggi.it\/website\/wp-json\/wp\/v2\/types\/post"}],"author":[{"embeddable":true,"href":"https:\/\/www.messinaoggi.it\/website\/wp-json\/wp\/v2\/users\/18"}],"replies":[{"embeddable":true,"href":"https:\/\/www.messinaoggi.it\/website\/wp-json\/wp\/v2\/comments?post=111301"}],"version-history":[{"count":0,"href":"https:\/\/www.messinaoggi.it\/website\/wp-json\/wp\/v2\/posts\/111301\/revisions"}],"wp:featuredmedia":[{"embeddable":true,"href":"https:\/\/www.messinaoggi.it\/website\/wp-json\/wp\/v2\/media\/111302"}],"wp:attachment":[{"href":"https:\/\/www.messinaoggi.it\/website\/wp-json\/wp\/v2\/media?parent=111301"}],"wp:term":[{"taxonomy":"category","embeddable":true,"href":"https:\/\/www.messinaoggi.it\/website\/wp-json\/wp\/v2\/categories?post=111301"},{"taxonomy":"post_tag","embeddable":true,"href":"https:\/\/www.messinaoggi.it\/website\/wp-json\/wp\/v2\/tags?post=111301"}],"curies":[{"name":"wp","href":"https:\/\/api.w.org\/{rel}","templated":true}]}}