{"id":111299,"date":"2022-06-16T14:07:37","date_gmt":"2022-06-16T12:07:37","guid":{"rendered":"https:\/\/www.messinaoggi.it\/website\/2022\/06\/16\/draghi-in-ucraina-con-macron-e-scholz-ricostruiremo-tutto\/"},"modified":"2022-06-16T14:07:37","modified_gmt":"2022-06-16T12:07:37","slug":"draghi-in-ucraina-con-macron-e-scholz-ricostruiremo-tutto","status":"publish","type":"post","link":"https:\/\/www.messinaoggi.it\/website\/2022\/06\/16\/draghi-in-ucraina-con-macron-e-scholz-ricostruiremo-tutto\/","title":{"rendered":"Draghi in Ucraina con Macron e Scholz \u201cRicostruiremo tutto\u201d"},"content":{"rendered":"<div>ROMA (ITALPRESS) &#8211; &#8220;Molto di ci\u00f2 che mi hanno detto riguarda la ricostruzione. Parole di dolore, di speranza ma anche di ci\u00f2 che vorranno fare in futuro&#8221;. Queste le affermazioni del Presidente del Consiglio Draghi a margine della visita a Irpin, insieme al presidente della Repubblica francese Macron, al Cancelliere tedesco Scholz, al Primo ministro della Romania Ciuc\u00e0 e al sindaco di Irpin Oleh Bondar. &#8220;Ricostruiremo tutto. Hanno distrutto gli asili, hanno distrutto i giardini di infanzia. Tutto verr\u00e0 ricostruito. Hanno gi\u00e0 iniziato &#8211; ha spiegato il Presidente del Consiglio &#8211; hanno un sistema digitale per cui ogni luogo che \u00e8 stato distrutto \u00e8 ora nel sistema. Sanno esattamente dove sono i siti che devono essere ricostruiti. Ogni famiglia ha una app dove fa la descrizione di quello che \u00e8 successo, e sono gi\u00e0 a uno stato molto avanzato&#8221;.<br \/>(ITALPRESS).<\/div>\n<div id=\"div-gpt-ad-Messinaoggi.it-DSK-300x250-corpoart\" style=\"text-align:center;margin:0 auto;\"><\/div><\/p><div id=\"videoincontent\" style=\"clear:both\";><\/div>","protected":false},"excerpt":{"rendered":"<p>ROMA (ITALPRESS) &#8211; &#8220;Molto di ci\u00f2 che mi hanno detto riguarda la ricostruzione. Parole di dolore, di speranza ma anche di ci\u00f2 che vorranno fare in futuro&#8221;. Queste le affermazioni del Presidente del Consiglio Draghi a margine della visita a Irpin, insieme al presidente della Repubblica francese Macron, al Cancelliere tedesco Scholz, al Primo ministro [&hellip;]<\/p>\n","protected":false},"author":18,"featured_media":111300,"comment_status":"closed","ping_status":"closed","sticky":false,"template":"","format":"standard","meta":{"ub_ctt_via":"","_mi_skip_tracking":false},"categories":[446],"tags":[783],"featured_image_src":"https:\/\/www.messinaoggi.it\/website\/wp-content\/uploads\/2022\/06\/20220616_0683.jpg","author_info":{"display_name":"Admin","author_link":"https:\/\/www.messinaoggi.it\/website\/author\/admin\/"},"digistream_id":0,"digistream":false,"_links":{"self":[{"href":"https:\/\/www.messinaoggi.it\/website\/wp-json\/wp\/v2\/posts\/111299"}],"collection":[{"href":"https:\/\/www.messinaoggi.it\/website\/wp-json\/wp\/v2\/posts"}],"about":[{"href":"https:\/\/www.messinaoggi.it\/website\/wp-json\/wp\/v2\/types\/post"}],"author":[{"embeddable":true,"href":"https:\/\/www.messinaoggi.it\/website\/wp-json\/wp\/v2\/users\/18"}],"replies":[{"embeddable":true,"href":"https:\/\/www.messinaoggi.it\/website\/wp-json\/wp\/v2\/comments?post=111299"}],"version-history":[{"count":0,"href":"https:\/\/www.messinaoggi.it\/website\/wp-json\/wp\/v2\/posts\/111299\/revisions"}],"wp:featuredmedia":[{"embeddable":true,"href":"https:\/\/www.messinaoggi.it\/website\/wp-json\/wp\/v2\/media\/111300"}],"wp:attachment":[{"href":"https:\/\/www.messinaoggi.it\/website\/wp-json\/wp\/v2\/media?parent=111299"}],"wp:term":[{"taxonomy":"category","embeddable":true,"href":"https:\/\/www.messinaoggi.it\/website\/wp-json\/wp\/v2\/categories?post=111299"},{"taxonomy":"post_tag","embeddable":true,"href":"https:\/\/www.messinaoggi.it\/website\/wp-json\/wp\/v2\/tags?post=111299"}],"curies":[{"name":"wp","href":"https:\/\/api.w.org\/{rel}","templated":true}]}}