{"id":111297,"date":"2022-06-16T14:07:35","date_gmt":"2022-06-16T12:07:35","guid":{"rendered":"https:\/\/www.messinaoggi.it\/website\/2022\/06\/16\/giustizia-approvata-in-senato-la-riforma-cartabia\/"},"modified":"2022-06-16T14:07:35","modified_gmt":"2022-06-16T12:07:35","slug":"giustizia-approvata-in-senato-la-riforma-cartabia","status":"publish","type":"post","link":"https:\/\/www.messinaoggi.it\/website\/2022\/06\/16\/giustizia-approvata-in-senato-la-riforma-cartabia\/","title":{"rendered":"Giustizia, approvata in Senato la riforma Cartabia"},"content":{"rendered":"<div>ROMA (ITALPRESS) &#8211; Con 173 s\u00ec, 37 no e 16 astennuti \u00e8 stato approvato dal Senato il Ddl con deleghe al Governo per la riforma dell&#8217;ordinamento giudiziario e per l&#8217;adeguamento dell&#8217;ordinamento giudiziario militare, nonch\u00e8 disposizioni in materia ordinamentale, organizzativa e disciplinare, di eleggibilit\u00e0 e ricollocamento in ruolo dei magistrati e di costituzione e funzionamento del Csm. Ad astenersi \u00e8 stata Iv mentre il voto contrario \u00e8 arrivato da Fdi e Cal. &#8220;Questo \u00e8 un passaggio importante nella storia del nostro Paese, in cui troppo a lungo la giustizia \u00e8 stata terreno di scontro. Questo passaggio \u00e8 stato preceduto da un lungo lavoro, a tratti non semplice, reso possibile dall&#8217;impegno di molti. Permettetemi di ricordare e ringraziare tutti coloro che ci hanno consentito di giungere a questo momento&#8221;. Cos\u00ec il ministro della Giustizia Marta Cartabia al Senato prima del voto sulla riforma della Giustizia. Cartabia ha ricordato &#8220;l&#8217;intenso confronto con tutte le forze politiche di maggioranza per giungere a un articolato ampiamente condiviso, in cui ciascuna forza politica pu\u00f2 riconoscere il suo apporto&#8221;. &#8220;Ciascuno ha portato il suo contributo, sia sostenendo le proprie iniziative con forte convinzione, sia lasciando spazio alla voce delle altre forze di maggioranza &#8211; ha detto &#8211; Ringrazio ciascuna forza politica per questo impegno costruttivo e per questa disponibilit\u00e0&#8221;.<br \/>&#8211; Foto Agenziafotogramma.it &#8211;<br \/>(ITALPRESS).<\/div>\n<div id=\"div-gpt-ad-Messinaoggi.it-DSK-300x250-corpoart\" style=\"text-align:center;margin:0 auto;\"><\/div><\/p><div id=\"videoincontent\" style=\"clear:both\";><\/div>","protected":false},"excerpt":{"rendered":"<p>ROMA (ITALPRESS) &#8211; Con 173 s\u00ec, 37 no e 16 astennuti \u00e8 stato approvato dal Senato il Ddl con deleghe al Governo per la riforma dell&#8217;ordinamento giudiziario e per l&#8217;adeguamento dell&#8217;ordinamento giudiziario militare, nonch\u00e8 disposizioni in materia ordinamentale, organizzativa e disciplinare, di eleggibilit\u00e0 e ricollocamento in ruolo dei magistrati e di costituzione e funzionamento del [&hellip;]<\/p>\n","protected":false},"author":18,"featured_media":111298,"comment_status":"closed","ping_status":"closed","sticky":false,"template":"","format":"standard","meta":{"ub_ctt_via":"","_mi_skip_tracking":false},"categories":[446],"tags":[783],"featured_image_src":"https:\/\/www.messinaoggi.it\/website\/wp-content\/uploads\/2022\/06\/20220616_0678.jpg","author_info":{"display_name":"Admin","author_link":"https:\/\/www.messinaoggi.it\/website\/author\/admin\/"},"digistream_id":0,"digistream":false,"_links":{"self":[{"href":"https:\/\/www.messinaoggi.it\/website\/wp-json\/wp\/v2\/posts\/111297"}],"collection":[{"href":"https:\/\/www.messinaoggi.it\/website\/wp-json\/wp\/v2\/posts"}],"about":[{"href":"https:\/\/www.messinaoggi.it\/website\/wp-json\/wp\/v2\/types\/post"}],"author":[{"embeddable":true,"href":"https:\/\/www.messinaoggi.it\/website\/wp-json\/wp\/v2\/users\/18"}],"replies":[{"embeddable":true,"href":"https:\/\/www.messinaoggi.it\/website\/wp-json\/wp\/v2\/comments?post=111297"}],"version-history":[{"count":0,"href":"https:\/\/www.messinaoggi.it\/website\/wp-json\/wp\/v2\/posts\/111297\/revisions"}],"wp:featuredmedia":[{"embeddable":true,"href":"https:\/\/www.messinaoggi.it\/website\/wp-json\/wp\/v2\/media\/111298"}],"wp:attachment":[{"href":"https:\/\/www.messinaoggi.it\/website\/wp-json\/wp\/v2\/media?parent=111297"}],"wp:term":[{"taxonomy":"category","embeddable":true,"href":"https:\/\/www.messinaoggi.it\/website\/wp-json\/wp\/v2\/categories?post=111297"},{"taxonomy":"post_tag","embeddable":true,"href":"https:\/\/www.messinaoggi.it\/website\/wp-json\/wp\/v2\/tags?post=111297"}],"curies":[{"name":"wp","href":"https:\/\/api.w.org\/{rel}","templated":true}]}}