{"id":111282,"date":"2022-06-16T11:07:33","date_gmt":"2022-06-16T09:07:33","guid":{"rendered":"https:\/\/www.messinaoggi.it\/website\/2022\/06\/16\/visco-rincorsa-prezzi-e-salari-porta-caduta-redditi-reali\/"},"modified":"2022-06-16T11:07:33","modified_gmt":"2022-06-16T09:07:33","slug":"visco-rincorsa-prezzi-e-salari-porta-caduta-redditi-reali","status":"publish","type":"post","link":"https:\/\/www.messinaoggi.it\/website\/2022\/06\/16\/visco-rincorsa-prezzi-e-salari-porta-caduta-redditi-reali\/","title":{"rendered":"Visco \u201cRincorsa prezzi e salari porta caduta redditi reali\u201d"},"content":{"rendered":"<div>ROMA (ITALPRESS) &#8211; &#8220;L&#8217;aumento dei prezzi dovuto soprattutto a un aumento dei costi dell&#8217;energia e del gas, che \u00e8 il risultato principale di questo conflitto terribile e insano che stiamo vivendo, \u00e8 un aumento di costi per imprese e famiglie, allora si cerca di trasferirli a qualcun altro ma questa \u00e8 una cosa che abbassa il nostro potere d&#8217;acquisto. Perch\u00e8 come Bce abbiamo questa politica che chiamiamo di normalizzazione delle condizioni monetarie? Lo facciamo per evitare che scappi di mano il genio dell&#8217;inflazione, e che alla fine ci sia una rincorsa tra prezzi e salari che porta a un caduta dei redditi reali&#8221;. Lo ha detto il governatore di Bankitalia, Ignazio Visco, intervenendo a Young Factor .&#8221;L&#8217;inflazione fa male se \u00e8 elevata e se spinge a rincorse: aumentano i prezzi, aumenta la mia domanda di reddito ma c&#8217;\u00e8 anche l&#8217;aumento del costo dell&#8217;impresa. L&#8217;obiettivo delle banche centrali \u00e8 di tenere una stabilit\u00e0 dei prezzi, abbiamo definito che un aumento del 2% \u00e8 ragionevole per mantenere la stabilit\u00e0 monetaria economica e per evitare rischi che non sono pi\u00f9 controllabili&#8221;, ha spiegato.<div id=\"div-gpt-ad-Messinaoggi.it-DSK-300x250-corpoart\" style=\"text-align:center;margin:0 auto;\"><\/div><\/p>\n<p>Foto: agenziafotogramma.it<br \/>(ITALPRESS).<\/div>\n<div id=\"videoincontent\" style=\"clear:both\";><\/div>","protected":false},"excerpt":{"rendered":"<p>ROMA (ITALPRESS) &#8211; &#8220;L&#8217;aumento dei prezzi dovuto soprattutto a un aumento dei costi dell&#8217;energia e del gas, che \u00e8 il risultato principale di questo conflitto terribile e insano che stiamo vivendo, \u00e8 un aumento di costi per imprese e famiglie, allora si cerca di trasferirli a qualcun altro ma questa \u00e8 una cosa che abbassa [&hellip;]<\/p>\n","protected":false},"author":18,"featured_media":111283,"comment_status":"closed","ping_status":"closed","sticky":false,"template":"","format":"standard","meta":{"ub_ctt_via":"","_mi_skip_tracking":false},"categories":[446],"tags":[783],"featured_image_src":"https:\/\/www.messinaoggi.it\/website\/wp-content\/uploads\/2022\/06\/20220616_0184.jpg","author_info":{"display_name":"Admin","author_link":"https:\/\/www.messinaoggi.it\/website\/author\/admin\/"},"digistream_id":0,"digistream":false,"_links":{"self":[{"href":"https:\/\/www.messinaoggi.it\/website\/wp-json\/wp\/v2\/posts\/111282"}],"collection":[{"href":"https:\/\/www.messinaoggi.it\/website\/wp-json\/wp\/v2\/posts"}],"about":[{"href":"https:\/\/www.messinaoggi.it\/website\/wp-json\/wp\/v2\/types\/post"}],"author":[{"embeddable":true,"href":"https:\/\/www.messinaoggi.it\/website\/wp-json\/wp\/v2\/users\/18"}],"replies":[{"embeddable":true,"href":"https:\/\/www.messinaoggi.it\/website\/wp-json\/wp\/v2\/comments?post=111282"}],"version-history":[{"count":0,"href":"https:\/\/www.messinaoggi.it\/website\/wp-json\/wp\/v2\/posts\/111282\/revisions"}],"wp:featuredmedia":[{"embeddable":true,"href":"https:\/\/www.messinaoggi.it\/website\/wp-json\/wp\/v2\/media\/111283"}],"wp:attachment":[{"href":"https:\/\/www.messinaoggi.it\/website\/wp-json\/wp\/v2\/media?parent=111282"}],"wp:term":[{"taxonomy":"category","embeddable":true,"href":"https:\/\/www.messinaoggi.it\/website\/wp-json\/wp\/v2\/categories?post=111282"},{"taxonomy":"post_tag","embeddable":true,"href":"https:\/\/www.messinaoggi.it\/website\/wp-json\/wp\/v2\/tags?post=111282"}],"curies":[{"name":"wp","href":"https:\/\/api.w.org\/{rel}","templated":true}]}}