{"id":111258,"date":"2022-06-16T09:07:40","date_gmt":"2022-06-16T07:07:40","guid":{"rendered":"https:\/\/www.messinaoggi.it\/website\/2022\/06\/16\/draghi-macron-e-scholz-da-zelensky-per-ribadire-impegno-europe\/"},"modified":"2022-06-16T09:07:40","modified_gmt":"2022-06-16T07:07:40","slug":"draghi-macron-e-scholz-da-zelensky-per-ribadire-impegno-europe","status":"publish","type":"post","link":"https:\/\/www.messinaoggi.it\/website\/2022\/06\/16\/draghi-macron-e-scholz-da-zelensky-per-ribadire-impegno-europe\/","title":{"rendered":"Draghi, Macron e Scholz da Zelensky per ribadire impegno europe"},"content":{"rendered":"<div>KIEV (UCRAINA) (ITALPRESS) &#8211; I leader di Italia, Francia e Germania a Kiev per ribadire l&#8217;impegno europeo. La visita nella capitale ucraina del premier italiano Mario Draghi, del presidente francese Emmanuel Macron e del cancelliere tedesco Olaf Scholz conferma l&#8217;unit\u00e0 europea sulla questione ucraina, anche alla luce della richiesta di adesione del paese all&#8217;Ue per la quale Kiev attende a breve una risposta sullo status di candidato. Una visita che rappresenta certamente un&#8217;importante opportunit\u00e0 per il presidente ucraino Volodymyr Zelensky, che negli ultimi giorni ha ribadito pi\u00f9 volte all&#8217;Occidente la richiesta di ulteriori aiuti militari. Proprio per l&#8217;esigenza di supporto al suo paese, il leader ucraino continua a muoversi sul fronte internazionale. Nelle scorse ore, tra l&#8217;altro, Zelensky ha avuto anche un colloquio con il presidente statunitense, Joe Biden. &#8220;Il sostegno alla sicurezza degli Stati Uniti non ha precedenti&#8221;, ha detto Zelensky, secondo quanto reso noto dalla presidenza ucraina. &#8220;Ci avvicina a una vittoria comune sull&#8217;aggressore russo&#8221;, ha aggiunto.<br \/>\n&#8220;Ho riconfermato &#8211; ha scritto Biden in un tweet &#8211; il nostro impegno a restare al fianco dell&#8217;Ucraina e ho condiviso che gli Stati Uniti stanno fornendo oltre 1,2 miliardi di dollari in ulteriore sicurezza e assistenza umanitaria&#8221;. Nel frattempo continua l&#8217;offensiva nel Donbass e non solo. Il conflitto \u00e8 al giorno numero 113. Stanotte un attacco aereo avrebbe colpito un sobborgo della citt\u00e0 di Sumy, nel nord del paese, uccidendo quattro persone e ferendone sei, secondo quanto riporta il Guardian che cita il governatore regionale Dmytro Zhyvytskyi.<br \/>\nPer lo Stato maggiore della difesa ucraina, nella direzione di Severodonetsk, continuano gli attacchi sulle unit\u00e0 delle truppe di Kiev nelle aree degli insediamenti di Bilohorivka, Lysychansk, Severodonetsk. &#8220;Il nemico &#8211; si legge ancora nell&#8217;ultimo aggiornamento &#8211; non smette di cercare di stabilire il pieno controllo sulla citt\u00e0 di Severodonetsk. Guida l&#8217;assalto, i combattimenti continuano&#8221;.<br \/>\nIeri Mosca aveva annunciato l&#8217;apertura di un corridoio umanitario per i civili rifugiati nell&#8217;impianto chimico Azot della citt\u00e0 del Lugansk. Il tentativo di evacuarli, per\u00f2, sarebbe fallito. &#8220;Nonostante le misure senza precedenti adottate dalla Federazione Russa, le autorit\u00e0 di Kiev hanno cinicamente interrotto l&#8217;operazione umanitaria&#8221;, ha scritto il Ministero della Difesa russo su Telegram.<br \/>\nIntanto i dati sulle vittime tra i bambini sono drammatici e il bilancio si aggrava quotidianamente: secondo l&#8217;ufficio del procuratore generale dell&#8217;Ucraina, dall&#8217;inizio del conflitto 318 bambini sono morti e almeno 581 sono rimasti feriti (ieri si contavano 313 morti e 579 feriti).<div id=\"div-gpt-ad-Messinaoggi.it-DSK-300x250-corpoart\" style=\"text-align:center;margin:0 auto;\"><\/div><\/p>\n<p>foto: agenziafotogramma.it<br \/>\n(ITALPRESS).<div id=\"videoincontent\" style=\"clear:both\";><\/div><\/p><\/div>\n","protected":false},"excerpt":{"rendered":"<p>KIEV (UCRAINA) (ITALPRESS) &#8211; I leader di Italia, Francia e Germania a Kiev per ribadire l&#8217;impegno europeo. La visita nella capitale ucraina del premier italiano Mario Draghi, del presidente francese Emmanuel Macron e del cancelliere tedesco Olaf Scholz conferma l&#8217;unit\u00e0 europea sulla questione ucraina, anche alla luce della richiesta di adesione del paese all&#8217;Ue per [&hellip;]<\/p>\n","protected":false},"author":18,"featured_media":111259,"comment_status":"closed","ping_status":"closed","sticky":false,"template":"","format":"standard","meta":{"ub_ctt_via":"","_mi_skip_tracking":false},"categories":[446],"tags":[783],"featured_image_src":"https:\/\/www.messinaoggi.it\/website\/wp-content\/uploads\/2022\/06\/20220616_0071.jpg","author_info":{"display_name":"Admin","author_link":"https:\/\/www.messinaoggi.it\/website\/author\/admin\/"},"digistream_id":0,"digistream":false,"_links":{"self":[{"href":"https:\/\/www.messinaoggi.it\/website\/wp-json\/wp\/v2\/posts\/111258"}],"collection":[{"href":"https:\/\/www.messinaoggi.it\/website\/wp-json\/wp\/v2\/posts"}],"about":[{"href":"https:\/\/www.messinaoggi.it\/website\/wp-json\/wp\/v2\/types\/post"}],"author":[{"embeddable":true,"href":"https:\/\/www.messinaoggi.it\/website\/wp-json\/wp\/v2\/users\/18"}],"replies":[{"embeddable":true,"href":"https:\/\/www.messinaoggi.it\/website\/wp-json\/wp\/v2\/comments?post=111258"}],"version-history":[{"count":0,"href":"https:\/\/www.messinaoggi.it\/website\/wp-json\/wp\/v2\/posts\/111258\/revisions"}],"wp:featuredmedia":[{"embeddable":true,"href":"https:\/\/www.messinaoggi.it\/website\/wp-json\/wp\/v2\/media\/111259"}],"wp:attachment":[{"href":"https:\/\/www.messinaoggi.it\/website\/wp-json\/wp\/v2\/media?parent=111258"}],"wp:term":[{"taxonomy":"category","embeddable":true,"href":"https:\/\/www.messinaoggi.it\/website\/wp-json\/wp\/v2\/categories?post=111258"},{"taxonomy":"post_tag","embeddable":true,"href":"https:\/\/www.messinaoggi.it\/website\/wp-json\/wp\/v2\/tags?post=111258"}],"curies":[{"name":"wp","href":"https:\/\/api.w.org\/{rel}","templated":true}]}}