{"id":111222,"date":"2022-06-15T17:07:35","date_gmt":"2022-06-15T15:07:35","guid":{"rendered":"https:\/\/www.messinaoggi.it\/website\/2022\/06\/15\/dalla-bce-arriva-lo-scudo-anti-spread\/"},"modified":"2022-06-15T17:07:35","modified_gmt":"2022-06-15T15:07:35","slug":"dalla-bce-arriva-lo-scudo-anti-spread","status":"publish","type":"post","link":"https:\/\/www.messinaoggi.it\/website\/2022\/06\/15\/dalla-bce-arriva-lo-scudo-anti-spread\/","title":{"rendered":"Dalla Bce arriva lo scudo anti-spread"},"content":{"rendered":"<div>MILANO (ITALPRESS) &#8211; La Banca Centrale Europea prepara lo scudo anti-spread. Il Consiglio Direttivo che si \u00e8 riunito in seduta straordinaria ha incaricato gli uffici di studiare l&#8217;intervento pi\u00f9 opportuno. Nel frattempo scatta il piano d&#8217;emergenza. Vuol dire che Francoforte potr\u00e0 riacquistare i titoli alla scadenza in base alle esigenze del mercato senza dover tener conto della quote definite per Paese. Per confermare che su questa strada non c&#8217;\u00e8 alcun ripensamento \u00e8 sceso in campo Klaus Knot, capo della Banca centrale olandese, considerato uno dei &#8220;falchi&#8221; pi\u00f9 aggressivi. Un segnale di determinazione dato al mercato:<br \/>&#8220;Oggi abbiamo deciso di attivare la flessibilit\u00e0 ai sensi dell&#8217;attivit\u00e0 di reinvestimento che stiamo intraprendendo nell&#8217;ambito dell&#8217;emergenza pandemica, abbiamo chiesto quindi ai nostri Comitati di lavorare in maniera accelerata sul concepimento di nuovi strumenti per contrastare la frammentazione&#8221;.<br \/>La coesione dell&#8217;area euro deve essere protetta e su questo non c&#8217;\u00e8 distinzione fra falchi e colombe.<br \/>La Bce ha rilevato che &#8220;la pandemia ha lasciato vulnerabilit\u00e0 durature nell&#8217;economia dell&#8217;area dell&#8217;euro che stanno contribuendo alla trasmissione non omogenea della normalizzazione della politica monetaria tra le giurisdizioni&#8221;. Sulla base di questa valutazione, il Consiglio direttivo ha deciso che &#8220;applicher\u00e0 flessibilit\u00e0 nel reinvestimento dei rimborsi in scadenz al fine di preservare il funzionamento del meccanismo di trasmissione della politica monetaria, condizione preliminare affinch\u00e8 la Bce sia in grado di realizzare il mandato sulla stabilit\u00e0 dei prezzi&#8221;.<br \/>L&#8217;intervento della Bce era nell&#8217;aria dopo il discorso del 14 giugno di Isabel Schnabel, membro del Comitato Esecutivo, che aveva parlato di uno scudo anti-spread da definire in fretta. La Schnabel \u00e8 considerata un &#8220;super-falco&#8221;. A lei viene attribuita la regia della conferenza stampa di esordio di Christine Lagarde. Era il marzo 2020 e la presidente della Bce annunci\u00f2 il rovinoso &#8220;non siamo qui per chiudere gli spread&#8221;. Alla fine anche Schnabel ha cambiato idea. Ha assicurato che l&#8217;impegno della Bce contro spread ingiustificati sarebbe stato &#8220;senza limiti&#8221;.<div id=\"div-gpt-ad-Messinaoggi.it-DSK-300x250-corpoart\" style=\"text-align:center;margin:0 auto;\"><\/div><\/p>\n<p>&#8211; foto agenziafotogramma.it &#8211;<div id=\"videoincontent\" style=\"clear:both\";><\/div><\/p>\n<p>(ITALPRESS).<\/p><\/div>\n","protected":false},"excerpt":{"rendered":"<p>MILANO (ITALPRESS) &#8211; La Banca Centrale Europea prepara lo scudo anti-spread. Il Consiglio Direttivo che si \u00e8 riunito in seduta straordinaria ha incaricato gli uffici di studiare l&#8217;intervento pi\u00f9 opportuno. Nel frattempo scatta il piano d&#8217;emergenza. Vuol dire che Francoforte potr\u00e0 riacquistare i titoli alla scadenza in base alle esigenze del mercato senza dover tener [&hellip;]<\/p>\n","protected":false},"author":18,"featured_media":111223,"comment_status":"closed","ping_status":"closed","sticky":false,"template":"","format":"standard","meta":{"ub_ctt_via":"","_mi_skip_tracking":false},"categories":[446],"tags":[783],"featured_image_src":"https:\/\/www.messinaoggi.it\/website\/wp-content\/uploads\/2022\/06\/20220615_1683.jpg","author_info":{"display_name":"Admin","author_link":"https:\/\/www.messinaoggi.it\/website\/author\/admin\/"},"digistream_id":0,"digistream":false,"_links":{"self":[{"href":"https:\/\/www.messinaoggi.it\/website\/wp-json\/wp\/v2\/posts\/111222"}],"collection":[{"href":"https:\/\/www.messinaoggi.it\/website\/wp-json\/wp\/v2\/posts"}],"about":[{"href":"https:\/\/www.messinaoggi.it\/website\/wp-json\/wp\/v2\/types\/post"}],"author":[{"embeddable":true,"href":"https:\/\/www.messinaoggi.it\/website\/wp-json\/wp\/v2\/users\/18"}],"replies":[{"embeddable":true,"href":"https:\/\/www.messinaoggi.it\/website\/wp-json\/wp\/v2\/comments?post=111222"}],"version-history":[{"count":0,"href":"https:\/\/www.messinaoggi.it\/website\/wp-json\/wp\/v2\/posts\/111222\/revisions"}],"wp:featuredmedia":[{"embeddable":true,"href":"https:\/\/www.messinaoggi.it\/website\/wp-json\/wp\/v2\/media\/111223"}],"wp:attachment":[{"href":"https:\/\/www.messinaoggi.it\/website\/wp-json\/wp\/v2\/media?parent=111222"}],"wp:term":[{"taxonomy":"category","embeddable":true,"href":"https:\/\/www.messinaoggi.it\/website\/wp-json\/wp\/v2\/categories?post=111222"},{"taxonomy":"post_tag","embeddable":true,"href":"https:\/\/www.messinaoggi.it\/website\/wp-json\/wp\/v2\/tags?post=111222"}],"curies":[{"name":"wp","href":"https:\/\/api.w.org\/{rel}","templated":true}]}}