{"id":111191,"date":"2022-06-15T14:10:39","date_gmt":"2022-06-15T12:10:39","guid":{"rendered":"http:\/\/www.messinaoggi.it\/website\/?p=111191"},"modified":"2023-12-03T02:21:00","modified_gmt":"2023-12-03T01:21:00","slug":"messina-pronta-per-la-festa-della-vela-appuntamento-a-questo-weekend","status":"publish","type":"post","link":"https:\/\/www.messinaoggi.it\/website\/2022\/06\/15\/messina-pronta-per-la-festa-della-vela-appuntamento-a-questo-weekend\/","title":{"rendered":"Messina pronta per la Festa della Vela: appuntamento a questo weekend"},"content":{"rendered":"\n<p>Sar\u00e0 un calendario ricco di appuntamenti quello previsto dalla Festa della Vela, manifestazione organizzata da Assonautica Messina, giunta ormai alla settima edizione, che si terr\u00e0 tra il 18 e il 19 giugno. Gara di pesca, invito alla vela e grande regata delle barche a vela saranno le principali iniziative che intratterranno gli ospiti questo fine settimana. L\u2019evento, nato con lo scopo di promuovere lo scopo sociale di Assonautica, cio\u00e8 la condivisione del piacere di navigare a vela, avr\u00e0 luogo nel Village Vele dello Stretto, che sorger\u00e0 alla Passeggiata al mare, nella zona del monumento alla Batteria Masotto e sulla banchina del Marina del Nettuno.<div id=\"div-gpt-ad-Messinaoggi.it-DSK-300x250-corpoart\" style=\"text-align:center;margin:0 auto;\"><\/div><\/p>\n\n\n\n<p>Numerosi gli sponsor, 17 complessivamente. Sono invece nove i circoli che parteciperanno all\u2019evento, e in particolare Circolo del Tennis e della Vela Messina, Lega Navale Italiana &#8211; sezione Messina, Marina del Nettuno, Motonautica e Velica Peloritana, Octopus Club, Sport Velico Marina Militare, Stretto 360\u00b0, Velamare \u201983 e Windsurf club Messina.<div id=\"videoincontent\" style=\"clear:both\";><\/div><\/p>\n\n\n\n<p>L\u2019evento \u00e8 realizzato con il contributo economico della Regione Siciliana, con il patrocinio del Comune di Messina, della Marina Militare, dell\u2019Universit\u00e0 di Messina, della Assonautica Italiana, della Camera di Commercio di Messina e della FIV (Federazione Italiana Vela) e con il supporto di MessinaServizi Bene Comune, ATM (Azienda Trasporti Messina), EAR Teatro di Messina. Per <strong>partecipare<\/strong> bisogna compilare un apposito modulo nel sito di Assonautica (https:\/\/www.assonauticamessina.com).<\/p>\n\n\n\n<p>Maggior dettagli sull\u2019evento sono stati forniti in occasione di un\u2019apposita conferenza che si \u00e8 tenuta questa mattina alla Camera di Commercio, alla presenza di Ivo Blandina, presidente della Camera di Commercio messinese, e Santi Ilacqua, presidente di Assonautica Messina.<\/p>\n\n\n\n<p>\u201cPromozione dello sport della vela e della valorizzazione del territorio dello Stretto \u2013 ha affermato Ilacqua \u2013 sono questi gli obiettivi della manifestazione che \u00e8 stata sposata da tutti i circoli nautici della citt\u00e0 e da sette enti\u201d. \u201cSar\u00e0 un momento bello \u2013 ha detto Blandina \u2013 L\u2019attivit\u00e0 sportiva dei circol nautici si riflette in maniera positiva su tutte le altre attivit\u00e0 della blue economy\u201d.<\/p>\n\n\n\n<p><strong>Il programma.<\/strong> <strong>Sabato 18 giugno<\/strong> si svolger\u00e0 l\u2019invito alla vela, un open day del \u201cVillaggio Vele dello Stretto\u201d e della \u201cSezione velica militare\u201d, con lo scopo di permettere alle persone che non hanno ancora vissuto le emozioni della navigazione sospinta dal vento di provare questa esperienza. Dalle 9.00 alle 19.00, sar\u00e0 possibile quindi fare un mini corso di vela d\u2019altura con degli skipper professionisti con i quali ci si potr\u00e0 imbarcare dal Marina del Nettuno e dalla ex base di Marisicilia. Anche i circoli metteranno a disposizione le loro barche-scuola ed i loro istruttori per la prova e per le prime nozioni di nautica sulle derive per tutta la giornata. Per i bambini sotto i 12 anni, sar\u00e0 possibile provare gli Optimist presso il Circolo del Tennis e della Vela e presso la Lega Navale di Messina. Presso gli stessi circoli saranno disponibili Sunfish e barche scuole per ragazzi ed adulti. Per la prova dei windsurf ci si potr\u00e0 recare al Windsurfer Club a Grotte. Sempre sabato 18 giugno si svolger\u00e0 anche la gara di pesca a traina, un\u2019altra protagonista dello Stretto e anch\u2019essa un sano modo di vivere il mare. Nel pomeriggio si terranno le premiazioni dei vincitori dopo la pesatura del pescato.<\/p>\n\n\n\n<p><strong>Domenica 19 giugno<\/strong> sar\u00e0 interamente dedicata alla grande regata dello Stretto, rivolta a ogni tipo di imbarcazione a vela. Le barche, che seguiranno un percorso diverso a seconda della loro tipologia, partiranno da Paradiso. La premiazione si svolger\u00e0 alle 18.30 presso il \u201cVillage Vele dello Stretto 2022\u201d, il centro della manifestazione, che sorger\u00e0 alla Passeggiata al mare, nella zona del monumento alla Batteria Masotto e sulla banchina del Marina del Nettuno e sar\u00e0 animato da espositori e intrattenimento video e musicale.<\/p>\n","protected":false},"excerpt":{"rendered":"<p>Sar\u00e0 un calendario ricco di appuntamenti quello previsto dalla Festa della Vela, manifestazione organizzata da Assonautica Messina, giunta ormai alla settima edizione, che si terr\u00e0 tra il 18 e il 19 giugno. Gara di pesca, invito alla vela e grande regata delle barche a vela saranno le principali iniziative che intratterranno gli ospiti questo fine [&hellip;]<\/p>\n","protected":false},"author":8,"featured_media":111196,"comment_status":"open","ping_status":"open","sticky":false,"template":"","format":"standard","meta":{"ub_ctt_via":"","_mi_skip_tracking":false},"categories":[5],"tags":[4649,4648],"featured_image_src":"https:\/\/www.messinaoggi.it\/website\/wp-content\/uploads\/2022\/06\/Santi-Ilacqua-Ivo-Blandina-Nico-Pandolfino2.jpg","author_info":{"display_name":"red..me","author_link":"https:\/\/www.messinaoggi.it\/website\/author\/redstage\/"},"digistream_id":0,"digistream":false,"_links":{"self":[{"href":"https:\/\/www.messinaoggi.it\/website\/wp-json\/wp\/v2\/posts\/111191"}],"collection":[{"href":"https:\/\/www.messinaoggi.it\/website\/wp-json\/wp\/v2\/posts"}],"about":[{"href":"https:\/\/www.messinaoggi.it\/website\/wp-json\/wp\/v2\/types\/post"}],"author":[{"embeddable":true,"href":"https:\/\/www.messinaoggi.it\/website\/wp-json\/wp\/v2\/users\/8"}],"replies":[{"embeddable":true,"href":"https:\/\/www.messinaoggi.it\/website\/wp-json\/wp\/v2\/comments?post=111191"}],"version-history":[{"count":2,"href":"https:\/\/www.messinaoggi.it\/website\/wp-json\/wp\/v2\/posts\/111191\/revisions"}],"predecessor-version":[{"id":179335,"href":"https:\/\/www.messinaoggi.it\/website\/wp-json\/wp\/v2\/posts\/111191\/revisions\/179335"}],"wp:featuredmedia":[{"embeddable":true,"href":"https:\/\/www.messinaoggi.it\/website\/wp-json\/wp\/v2\/media\/111196"}],"wp:attachment":[{"href":"https:\/\/www.messinaoggi.it\/website\/wp-json\/wp\/v2\/media?parent=111191"}],"wp:term":[{"taxonomy":"category","embeddable":true,"href":"https:\/\/www.messinaoggi.it\/website\/wp-json\/wp\/v2\/categories?post=111191"},{"taxonomy":"post_tag","embeddable":true,"href":"https:\/\/www.messinaoggi.it\/website\/wp-json\/wp\/v2\/tags?post=111191"}],"curies":[{"name":"wp","href":"https:\/\/api.w.org\/{rel}","templated":true}]}}