{"id":111190,"date":"2022-06-15T14:07:36","date_gmt":"2022-06-15T12:07:36","guid":{"rendered":"https:\/\/www.messinaoggi.it\/website\/2022\/06\/15\/stefano-cuzzilla-eletto-nuovo-presidente-di-cida\/"},"modified":"2022-06-15T14:07:36","modified_gmt":"2022-06-15T12:07:36","slug":"stefano-cuzzilla-eletto-nuovo-presidente-di-cida","status":"publish","type":"post","link":"https:\/\/www.messinaoggi.it\/website\/2022\/06\/15\/stefano-cuzzilla-eletto-nuovo-presidente-di-cida\/","title":{"rendered":"Stefano Cuzzilla eletto nuovo presidente di Cida"},"content":{"rendered":"<div>ROMA (ITALPRESS) &#8211; Stefano Cuzzilla \u00e8 il nuovo Presidente di CIDA, la rappresentanza sindacale per la dirigenza e le alte professionalit\u00e0 di tutti i settori socio produttivi, pubblici e privati, che vanta un network di 10 federazioni e rappresenta circa 1 milione di dirigenti, attraverso i CCNL sottoscritti. L&#8217;assemblea nazionale che si \u00e8 riunita il 15 giugno lo ha eletto all&#8217;unanimit\u00e0.<br \/>&#8220;Favorire un&#8217;azione di accreditamento istituzionale che risponda alle istanze di dirigenti e alte professionalit\u00e0. E&#8217; questo l&#8217;obiettivo prioritario della nuova gestione di CIDA che, con uno sguardo attento al futuro, deve diventare protagonista del dibattito pubblico sulle politiche economiche e sociali del Paese&#8221;, esordisce il neo-Presidente Stefano Cuzzilla che, ringraziando l&#8217;assemblea nazionale di CIDA per la fiducia accordata, evidenzia come &#8220;la difficile situazione che stiamo vivendo ci imponga di agire in modo nuovo e repentino&#8221;.<br \/>&#8220;Le tre crisi &#8211; bellica, energetica e pandemica &#8211; che oggi impattano fortemente sul nostro sistema &#8211; continua Cuzzilla &#8211; rendono il compito che ci attende pi\u00f9 complesso, ma ci offrono anche la grande opportunit\u00e0 di essere gli architetti di una ricostruzione etica, morale, civile e culturale dell&#8217;Italia. Lo dico con grande senso di responsabilit\u00e0 perch\u00e8, e lo voglio sottolineare, la dirigenza e le alte professionalit\u00e0 sono la spina dorsale di questo Paese&#8221;.<br \/>&#8220;Fisco, pensioni, sanit\u00e0, rapporti con i territori, politiche inclusive e rappresentativit\u00e0 in ambito europeo: sono questi i cardini su cui lavoreremo, con un nuovo modello di governance pi\u00f9 funzionale e incisivo, non solo a vantaggio dell&#8217;intero sistema produttivo, ma anche e soprattutto per favorire un reale cambio di passo. La Confederazione &#8211; conclude il neo-Presidente &#8211; deve diventare una comune piattaforma di azione a livello nazionale e regionale, dove proposte di qualit\u00e0 vengano elaborate tempestivamente e avanzate ai diretti interlocutori. Istituzioni in primis&#8221;.<br \/>Stefano Cuzzilla \u00e8 anche Presidente nazionale di Federmanager dal maggio 2015 e Presidente di 4.Manager, l&#8217;associazione costituita da Federmanager e Confindustria. Da maggio 2021 \u00e8 Consigliere di amministrazione del Gruppo Ferrovie dello Stato Italiane S.p.A.<div id=\"div-gpt-ad-Messinaoggi.it-DSK-300x250-corpoart\" style=\"text-align:center;margin:0 auto;\"><\/div><\/p>\n<p>&#8211; foto ufficio stampa Cida &#8211;<div id=\"videoincontent\" style=\"clear:both\";><\/div><\/p>\n<p>(ITALPRESS).<\/p><\/div>\n","protected":false},"excerpt":{"rendered":"<p>ROMA (ITALPRESS) &#8211; Stefano Cuzzilla \u00e8 il nuovo Presidente di CIDA, la rappresentanza sindacale per la dirigenza e le alte professionalit\u00e0 di tutti i settori socio produttivi, pubblici e privati, che vanta un network di 10 federazioni e rappresenta circa 1 milione di dirigenti, attraverso i CCNL sottoscritti. L&#8217;assemblea nazionale che si \u00e8 riunita il [&hellip;]<\/p>\n","protected":false},"author":18,"featured_media":111192,"comment_status":"closed","ping_status":"closed","sticky":false,"template":"","format":"standard","meta":{"ub_ctt_via":"","_mi_skip_tracking":false},"categories":[446],"tags":[783],"featured_image_src":"https:\/\/www.messinaoggi.it\/website\/wp-content\/uploads\/2022\/06\/20220615_0511.jpg","author_info":{"display_name":"Admin","author_link":"https:\/\/www.messinaoggi.it\/website\/author\/admin\/"},"digistream_id":0,"digistream":false,"_links":{"self":[{"href":"https:\/\/www.messinaoggi.it\/website\/wp-json\/wp\/v2\/posts\/111190"}],"collection":[{"href":"https:\/\/www.messinaoggi.it\/website\/wp-json\/wp\/v2\/posts"}],"about":[{"href":"https:\/\/www.messinaoggi.it\/website\/wp-json\/wp\/v2\/types\/post"}],"author":[{"embeddable":true,"href":"https:\/\/www.messinaoggi.it\/website\/wp-json\/wp\/v2\/users\/18"}],"replies":[{"embeddable":true,"href":"https:\/\/www.messinaoggi.it\/website\/wp-json\/wp\/v2\/comments?post=111190"}],"version-history":[{"count":0,"href":"https:\/\/www.messinaoggi.it\/website\/wp-json\/wp\/v2\/posts\/111190\/revisions"}],"wp:featuredmedia":[{"embeddable":true,"href":"https:\/\/www.messinaoggi.it\/website\/wp-json\/wp\/v2\/media\/111192"}],"wp:attachment":[{"href":"https:\/\/www.messinaoggi.it\/website\/wp-json\/wp\/v2\/media?parent=111190"}],"wp:term":[{"taxonomy":"category","embeddable":true,"href":"https:\/\/www.messinaoggi.it\/website\/wp-json\/wp\/v2\/categories?post=111190"},{"taxonomy":"post_tag","embeddable":true,"href":"https:\/\/www.messinaoggi.it\/website\/wp-json\/wp\/v2\/tags?post=111190"}],"curies":[{"name":"wp","href":"https:\/\/api.w.org\/{rel}","templated":true}]}}