{"id":111161,"date":"2022-06-15T10:07:34","date_gmt":"2022-06-15T08:07:34","guid":{"rendered":"https:\/\/www.messinaoggi.it\/website\/2022\/06\/15\/ue-gentiloni-la-recessione-non-e-inevitabile\/"},"modified":"2022-06-15T10:07:34","modified_gmt":"2022-06-15T08:07:34","slug":"ue-gentiloni-la-recessione-non-e-inevitabile","status":"publish","type":"post","link":"https:\/\/www.messinaoggi.it\/website\/2022\/06\/15\/ue-gentiloni-la-recessione-non-e-inevitabile\/","title":{"rendered":"Ue, Gentiloni \u201cLa recessione non \u00e8 inevitabile\u201d"},"content":{"rendered":"<div>ROMA (ITALPRESS) &#8211;  &#8220;Non c&#8217;\u00e8 dubbio che l&#8217;invasione russa abbia cambiato il corso dell&#8217;economia e aumentato l&#8217;incertezza, ma non penso che abbia senso formulare profezie di sventura. Anche in una fase cos\u00ec complicata, la recessione non \u00e8 inevitabile. E il catastrofismo non \u00e8 una buona medicina&#8221;. Lo afferma il commissario europeo all&#8217;Economia, Paolo Gentiloni, in un&#8217;intervista al Corriere della Sera. <br \/>A Bruxelles &#8220;prevediamo che la crescita nell&#8217;Unione europea nel 2022 sar\u00e0 al 2,7 per cento e in buona parte \u00e8 effetto di trascinamento dal 2021. Ma l&#8217;economia pu\u00f2 restare in territorio positivo. Il mercato del lavoro, pur fra molte contraddizioni, \u00e8 in una situazione molto positiva. Le banche sono in condizioni molto diverse da quelle di dieci anni fa. Non dico che la situazione attuale abbia risposte facili, ma mi pare sbagliato concludere un p\u00f2 fatalisticamente che siamo destinati alla recessione&#8221;. Secondo Gentiloni sul fronte dello spread &#8220;la Bce va lasciata lavorare in autonomia. Il punto per quanto ci riguarda \u00e8 assumersi in pieno le nostre responsabilit\u00e0 di politica economica, a livello nazionale e nelle istituzioni comuni. Non pu\u00f2 essere la Bce a risolvere tutti i problemi&#8221;. Inoltre c&#8217;\u00e8 &#8220;il vecchio riflesso di dare la colpa all&#8217;Europa. E&#8217; una reazione che vedo affiorare in Italia. E, oltre che miope e infondata, \u00e8 anche autolesionista: bisogna stare attenti a non aggiungere incertezza politica a un contesto economico gi\u00e0 complesso &#8211; prosegue &#8211; Il messaggio dev&#8217;essere l&#8217;opposto: che siamo fortunati in questo frangente ad avere Mario Draghi come premier, ma che chiunque governer\u00e0 domani garantisce la continuit\u00e0 dell&#8217;impegno europeo dell&#8217;Italia. Se questo messaggio viene alterato da reazioni scomposte, noi rischiamo di aggravare i problemi del Paese invece di alleviarli&#8221;. <br \/>&#8211; foto agenziafotogramma.it-<br \/>(ITALPRESS).<\/div>\n<div id=\"div-gpt-ad-Messinaoggi.it-DSK-300x250-corpoart\" style=\"text-align:center;margin:0 auto;\"><\/div><\/p><div id=\"videoincontent\" style=\"clear:both\";><\/div>","protected":false},"excerpt":{"rendered":"<p>ROMA (ITALPRESS) &#8211; &#8220;Non c&#8217;\u00e8 dubbio che l&#8217;invasione russa abbia cambiato il corso dell&#8217;economia e aumentato l&#8217;incertezza, ma non penso che abbia senso formulare profezie di sventura. Anche in una fase cos\u00ec complicata, la recessione non \u00e8 inevitabile. E il catastrofismo non \u00e8 una buona medicina&#8221;. Lo afferma il commissario europeo all&#8217;Economia, Paolo Gentiloni, in [&hellip;]<\/p>\n","protected":false},"author":18,"featured_media":111162,"comment_status":"closed","ping_status":"closed","sticky":false,"template":"","format":"standard","meta":{"ub_ctt_via":"","_mi_skip_tracking":false},"categories":[446],"tags":[783],"featured_image_src":"https:\/\/www.messinaoggi.it\/website\/wp-content\/uploads\/2022\/06\/20220615_0092.jpg","author_info":{"display_name":"Admin","author_link":"https:\/\/www.messinaoggi.it\/website\/author\/admin\/"},"digistream_id":0,"digistream":false,"_links":{"self":[{"href":"https:\/\/www.messinaoggi.it\/website\/wp-json\/wp\/v2\/posts\/111161"}],"collection":[{"href":"https:\/\/www.messinaoggi.it\/website\/wp-json\/wp\/v2\/posts"}],"about":[{"href":"https:\/\/www.messinaoggi.it\/website\/wp-json\/wp\/v2\/types\/post"}],"author":[{"embeddable":true,"href":"https:\/\/www.messinaoggi.it\/website\/wp-json\/wp\/v2\/users\/18"}],"replies":[{"embeddable":true,"href":"https:\/\/www.messinaoggi.it\/website\/wp-json\/wp\/v2\/comments?post=111161"}],"version-history":[{"count":0,"href":"https:\/\/www.messinaoggi.it\/website\/wp-json\/wp\/v2\/posts\/111161\/revisions"}],"wp:featuredmedia":[{"embeddable":true,"href":"https:\/\/www.messinaoggi.it\/website\/wp-json\/wp\/v2\/media\/111162"}],"wp:attachment":[{"href":"https:\/\/www.messinaoggi.it\/website\/wp-json\/wp\/v2\/media?parent=111161"}],"wp:term":[{"taxonomy":"category","embeddable":true,"href":"https:\/\/www.messinaoggi.it\/website\/wp-json\/wp\/v2\/categories?post=111161"},{"taxonomy":"post_tag","embeddable":true,"href":"https:\/\/www.messinaoggi.it\/website\/wp-json\/wp\/v2\/tags?post=111161"}],"curies":[{"name":"wp","href":"https:\/\/api.w.org\/{rel}","templated":true}]}}