{"id":11115,"date":"2017-11-08T10:11:57","date_gmt":"2017-11-08T09:11:57","guid":{"rendered":"http:\/\/www.messinaoggi.it\/website\/?p=11115"},"modified":"2017-11-08T10:11:57","modified_gmt":"2017-11-08T09:11:57","slug":"udc-su-arresto-de-luca-massima-diligenza-nella-formazione-delle-liste","status":"publish","type":"post","link":"https:\/\/www.messinaoggi.it\/website\/2017\/11\/08\/udc-su-arresto-de-luca-massima-diligenza-nella-formazione-delle-liste\/","title":{"rendered":"Udc su arresto De Luca: &quot;Massima diligenza nella formazione delle liste&quot;"},"content":{"rendered":"<p>&#8220;L&#8217;Udc ha appreso dalla stampa la notizia dell&#8217;arresto di De Luca. L&#8217;Udc ha avuto la massima diligenza nella formazione delle liste elettorali a tutela del partito e dei cittadini-elettori. Abbiamo chiesto a tutti i candidati dell&#8217;Udc e dei movimenti ad esso associati tra cui anche Sicilia Vera il certificato del casellario giudiziario e quello dei carichi pendenti a tutela dei cittadini e dell&#8217; onorabilit\u00e0 del partito&#8221;: \u00e8 quanto si legge in una nota diffusa dall&#8217;ufficio stampa nazionale Udc in merito all&#8217;arresto del neo deputato regionale della provincia di\u00a0Messina\u00a0Cateno De Luca, Cateno De Luca, oggi posto ai domiciliari con l&#8217;accusa di una maxi evasione fiscale.<br \/>\n&#8220;Abbiamo fiducia nella magistratura che siamo certi porter\u00e0 all&#8217;accertamento della verit\u00e0 e siamo convinti che De Luca sar\u00e0 in grado di chiarire i fatti e di dimostrare la sua innocenza&#8221; conclude la nota.<div id=\"div-gpt-ad-Messinaoggi.it-DSK-300x250-corpoart\" style=\"text-align:center;margin:0 auto;\"><\/div><\/p>\n<div id=\"videoincontent\" style=\"clear:both\";><\/div>","protected":false},"excerpt":{"rendered":"<p>&#8220;L&#8217;Udc ha appreso dalla stampa la notizia dell&#8217;arresto di De Luca. L&#8217;Udc ha avuto la massima diligenza nella formazione delle liste elettorali a tutela del partito e dei cittadini-elettori. Abbiamo chiesto a tutti i candidati dell&#8217;Udc e dei movimenti ad esso associati tra cui anche Sicilia Vera il certificato del casellario giudiziario e quello dei [&hellip;]<\/p>\n","protected":false},"author":2,"featured_media":2428,"comment_status":"closed","ping_status":"open","sticky":false,"template":"","format":"standard","meta":{"ub_ctt_via":"","_mi_skip_tracking":false},"categories":[6],"tags":[],"featured_image_src":"https:\/\/www.messinaoggi.it\/website\/wp-content\/uploads\/2017\/06\/udc-unione-di-centro-logo-2.jpg","author_info":{"display_name":"Redazione","author_link":"https:\/\/www.messinaoggi.it\/website\/author\/redazione\/"},"digistream_id":0,"digistream":false,"_links":{"self":[{"href":"https:\/\/www.messinaoggi.it\/website\/wp-json\/wp\/v2\/posts\/11115"}],"collection":[{"href":"https:\/\/www.messinaoggi.it\/website\/wp-json\/wp\/v2\/posts"}],"about":[{"href":"https:\/\/www.messinaoggi.it\/website\/wp-json\/wp\/v2\/types\/post"}],"author":[{"embeddable":true,"href":"https:\/\/www.messinaoggi.it\/website\/wp-json\/wp\/v2\/users\/2"}],"replies":[{"embeddable":true,"href":"https:\/\/www.messinaoggi.it\/website\/wp-json\/wp\/v2\/comments?post=11115"}],"version-history":[{"count":0,"href":"https:\/\/www.messinaoggi.it\/website\/wp-json\/wp\/v2\/posts\/11115\/revisions"}],"wp:featuredmedia":[{"embeddable":true,"href":"https:\/\/www.messinaoggi.it\/website\/wp-json\/wp\/v2\/media\/2428"}],"wp:attachment":[{"href":"https:\/\/www.messinaoggi.it\/website\/wp-json\/wp\/v2\/media?parent=11115"}],"wp:term":[{"taxonomy":"category","embeddable":true,"href":"https:\/\/www.messinaoggi.it\/website\/wp-json\/wp\/v2\/categories?post=11115"},{"taxonomy":"post_tag","embeddable":true,"href":"https:\/\/www.messinaoggi.it\/website\/wp-json\/wp\/v2\/tags?post=11115"}],"curies":[{"name":"wp","href":"https:\/\/api.w.org\/{rel}","templated":true}]}}