{"id":111142,"date":"2022-06-14T22:07:32","date_gmt":"2022-06-14T20:07:32","guid":{"rendered":"https:\/\/www.messinaoggi.it\/website\/2022\/06\/14\/conte-parte-fase-due-del-movimento\/"},"modified":"2022-06-14T22:07:32","modified_gmt":"2022-06-14T20:07:32","slug":"conte-parte-fase-due-del-movimento","status":"publish","type":"post","link":"https:\/\/www.messinaoggi.it\/website\/2022\/06\/14\/conte-parte-fase-due-del-movimento\/","title":{"rendered":"Conte \u201cParte fase due del Movimento\u201d"},"content":{"rendered":"<div>ROMA (ITALPRESS) &#8211; &#8220;Parte la fase due del Movimento: dobbiamo essere presenti sul territorio continuativamente con i gruppi territoriali che si formeranno, i cittadini devono essere protagonisti della vita politica sociale ed economica del nostro Paese&#8221;. Cos\u00ec il leader dei 5Stelle Giuseppe Conte in conferenza stampa che poi giudica l&#8217;esito delle elezioni comunali &#8220;assolutamente insoddisfacente, non ci pu\u00f2 appagare&#8221; sottolineando per\u00f2 che &#8220;storicamente il Movimento, in occasione delle amministrative, a parte casi rari, non ottiene grandi prestazioni sui territori&#8221;. &#8220;Il brand del Movimento5Stelle \u00e8 un marchio di qualit\u00e0: io non ho avvallato una lista Conte, non ho nessuna velleit\u00e0 di sostituire il brand M5S con il mio cognome&#8221; ha sottolineato Conte che quindi lancia l&#8217;idea di una nuova partecipazione popolare al programma politico dei cinquestele: &#8220;oggi stabiliamo una minima organizzazione territoriale, ma non siamo un partito tradizionale perch\u00e8 non abbiamo tessere o correnti, che anzi sono vietate&#8221;.<div id=\"div-gpt-ad-Messinaoggi.it-DSK-300x250-corpoart\" style=\"text-align:center;margin:0 auto;\"><\/div><\/p>\n<p>Foto: agenziafotogramma.it<br \/>(ITALPRESS).<\/div>\n<div id=\"videoincontent\" style=\"clear:both\";><\/div>","protected":false},"excerpt":{"rendered":"<p>ROMA (ITALPRESS) &#8211; &#8220;Parte la fase due del Movimento: dobbiamo essere presenti sul territorio continuativamente con i gruppi territoriali che si formeranno, i cittadini devono essere protagonisti della vita politica sociale ed economica del nostro Paese&#8221;. Cos\u00ec il leader dei 5Stelle Giuseppe Conte in conferenza stampa che poi giudica l&#8217;esito delle elezioni comunali &#8220;assolutamente insoddisfacente, [&hellip;]<\/p>\n","protected":false},"author":18,"featured_media":111143,"comment_status":"closed","ping_status":"closed","sticky":false,"template":"","format":"standard","meta":{"ub_ctt_via":"","_mi_skip_tracking":false},"categories":[446],"tags":[783],"featured_image_src":"https:\/\/www.messinaoggi.it\/website\/wp-content\/uploads\/2022\/06\/20220614_2238.jpg","author_info":{"display_name":"Admin","author_link":"https:\/\/www.messinaoggi.it\/website\/author\/admin\/"},"digistream_id":0,"digistream":false,"_links":{"self":[{"href":"https:\/\/www.messinaoggi.it\/website\/wp-json\/wp\/v2\/posts\/111142"}],"collection":[{"href":"https:\/\/www.messinaoggi.it\/website\/wp-json\/wp\/v2\/posts"}],"about":[{"href":"https:\/\/www.messinaoggi.it\/website\/wp-json\/wp\/v2\/types\/post"}],"author":[{"embeddable":true,"href":"https:\/\/www.messinaoggi.it\/website\/wp-json\/wp\/v2\/users\/18"}],"replies":[{"embeddable":true,"href":"https:\/\/www.messinaoggi.it\/website\/wp-json\/wp\/v2\/comments?post=111142"}],"version-history":[{"count":0,"href":"https:\/\/www.messinaoggi.it\/website\/wp-json\/wp\/v2\/posts\/111142\/revisions"}],"wp:featuredmedia":[{"embeddable":true,"href":"https:\/\/www.messinaoggi.it\/website\/wp-json\/wp\/v2\/media\/111143"}],"wp:attachment":[{"href":"https:\/\/www.messinaoggi.it\/website\/wp-json\/wp\/v2\/media?parent=111142"}],"wp:term":[{"taxonomy":"category","embeddable":true,"href":"https:\/\/www.messinaoggi.it\/website\/wp-json\/wp\/v2\/categories?post=111142"},{"taxonomy":"post_tag","embeddable":true,"href":"https:\/\/www.messinaoggi.it\/website\/wp-json\/wp\/v2\/tags?post=111142"}],"curies":[{"name":"wp","href":"https:\/\/api.w.org\/{rel}","templated":true}]}}