{"id":111100,"date":"2022-06-14T16:07:39","date_gmt":"2022-06-14T14:07:39","guid":{"rendered":"https:\/\/www.messinaoggi.it\/website\/2022\/06\/14\/centrodestra-salvini-non-ho-competizioni-interne-solo-con-sinistra\/"},"modified":"2022-06-14T16:07:39","modified_gmt":"2022-06-14T14:07:39","slug":"centrodestra-salvini-non-ho-competizioni-interne-solo-con-sinistra","status":"publish","type":"post","link":"https:\/\/www.messinaoggi.it\/website\/2022\/06\/14\/centrodestra-salvini-non-ho-competizioni-interne-solo-con-sinistra\/","title":{"rendered":"Centrodestra, Salvini \u201cNon ho competizioni interne, solo con sinistra\u201d"},"content":{"rendered":"<div>GENOVA (ITALPRESS) &#8211; &#8220;Essere al governo \u00e8 una responsabilit\u00e0, per\u00f2 stare al governo col Pd \u00e8 impegnativo&#8230;&#8221;. Lo ha detto Matteo Salvini, leader della Lega, commentando i risultati delle amministrative dopo un incontro a Genova con Marco Bucci. &#8220;Ad oggi i numeri in termini assoluti ci dicono che la Lega ha 21 nuovi sindaci che stanno lavorando &#8211; ha detto Salvini &#8211; Facciamo parte di una squadra, la Lega ha vinto. Come Lega vogliamo prendere di pi\u00f9 la prossima volta? S\u00ec. Sicuramente \u00e8 meglio prendere il 15% del 7%. Ma la mia competizione \u00e8 con la sinistra, non ho competizioni interne&#8221;, ha concluso. <br \/>&#8211; foto agenziafotogramma.it &#8211;<br \/>(ITALPRESS).<\/div>\n<div id=\"div-gpt-ad-Messinaoggi.it-DSK-300x250-corpoart\" style=\"text-align:center;margin:0 auto;\"><\/div><\/p><div id=\"videoincontent\" style=\"clear:both\";><\/div>","protected":false},"excerpt":{"rendered":"<p>GENOVA (ITALPRESS) &#8211; &#8220;Essere al governo \u00e8 una responsabilit\u00e0, per\u00f2 stare al governo col Pd \u00e8 impegnativo&#8230;&#8221;. Lo ha detto Matteo Salvini, leader della Lega, commentando i risultati delle amministrative dopo un incontro a Genova con Marco Bucci. &#8220;Ad oggi i numeri in termini assoluti ci dicono che la Lega ha 21 nuovi sindaci che [&hellip;]<\/p>\n","protected":false},"author":18,"featured_media":111101,"comment_status":"closed","ping_status":"closed","sticky":false,"template":"","format":"standard","meta":{"ub_ctt_via":"","_mi_skip_tracking":false},"categories":[446],"tags":[783],"featured_image_src":"https:\/\/www.messinaoggi.it\/website\/wp-content\/uploads\/2022\/06\/20220614_1484.jpg","author_info":{"display_name":"Admin","author_link":"https:\/\/www.messinaoggi.it\/website\/author\/admin\/"},"digistream_id":0,"digistream":false,"_links":{"self":[{"href":"https:\/\/www.messinaoggi.it\/website\/wp-json\/wp\/v2\/posts\/111100"}],"collection":[{"href":"https:\/\/www.messinaoggi.it\/website\/wp-json\/wp\/v2\/posts"}],"about":[{"href":"https:\/\/www.messinaoggi.it\/website\/wp-json\/wp\/v2\/types\/post"}],"author":[{"embeddable":true,"href":"https:\/\/www.messinaoggi.it\/website\/wp-json\/wp\/v2\/users\/18"}],"replies":[{"embeddable":true,"href":"https:\/\/www.messinaoggi.it\/website\/wp-json\/wp\/v2\/comments?post=111100"}],"version-history":[{"count":0,"href":"https:\/\/www.messinaoggi.it\/website\/wp-json\/wp\/v2\/posts\/111100\/revisions"}],"wp:featuredmedia":[{"embeddable":true,"href":"https:\/\/www.messinaoggi.it\/website\/wp-json\/wp\/v2\/media\/111101"}],"wp:attachment":[{"href":"https:\/\/www.messinaoggi.it\/website\/wp-json\/wp\/v2\/media?parent=111100"}],"wp:term":[{"taxonomy":"category","embeddable":true,"href":"https:\/\/www.messinaoggi.it\/website\/wp-json\/wp\/v2\/categories?post=111100"},{"taxonomy":"post_tag","embeddable":true,"href":"https:\/\/www.messinaoggi.it\/website\/wp-json\/wp\/v2\/tags?post=111100"}],"curies":[{"name":"wp","href":"https:\/\/api.w.org\/{rel}","templated":true}]}}