{"id":111094,"date":"2022-06-14T15:07:35","date_gmt":"2022-06-14T13:07:35","guid":{"rendered":"https:\/\/www.messinaoggi.it\/website\/2022\/06\/14\/tacconi-inizia-il-percorso-di-riabilitazione\/"},"modified":"2022-06-14T15:07:35","modified_gmt":"2022-06-14T13:07:35","slug":"tacconi-inizia-il-percorso-di-riabilitazione","status":"publish","type":"post","link":"https:\/\/www.messinaoggi.it\/website\/2022\/06\/14\/tacconi-inizia-il-percorso-di-riabilitazione\/","title":{"rendered":"Tacconi inizia il percorso di riabilitazione"},"content":{"rendered":"<div>ALESSANDRIA (ITALPRESS) &#8211; &#8220;Poich\u00e8 dall&#8217;esito della TAC la condizione di Stefano \u00e8 risultata stabile, oggi \u00e8 stato trasferito al Presidio Riabilitativo Borsalino dell&#8217;Azienda Ospedaliera di Alessandria. Qui potr\u00e0 iniziare il suo percorso di riabilitazione: ha gi\u00e0 riacquisito una buona vigilanza, quindi i presupposti per un progressivo miglioramento ci sono&#8221;. Ad annunciare le dimissioni di Stefano Tacconi dal reparto di neurochirurgia dell&#8217;ospedale di Alessandria \u00e8 il direttore della struttura, Andrea Barbanera. &#8220;Naturalmente dovr\u00e0 ancora eseguire dei controlli radiologici, ma dopo l&#8217;ultimo intervento non ha pi\u00f9 problemi in sospeso&#8221;, ha assicurato Barbanera in una nota. Il 65enne ex portiere della Juventus e della Nazionale era ricoverato dallo scorso 23 aprile a seguito di un&#8217;emorragia cerebrale ed \u00e8 stato operato lo scorso 6 giugno. Ad anticipare la buona notizia era stato questa mattina il figlio Andrea su Facebook.<br \/>&#8211; Foto Image &#8211;<br \/>(ITALPRESS).<\/div>\n<div id=\"div-gpt-ad-Messinaoggi.it-DSK-300x250-corpoart\" style=\"text-align:center;margin:0 auto;\"><\/div><\/p><div id=\"videoincontent\" style=\"clear:both\";><\/div>","protected":false},"excerpt":{"rendered":"<p>ALESSANDRIA (ITALPRESS) &#8211; &#8220;Poich\u00e8 dall&#8217;esito della TAC la condizione di Stefano \u00e8 risultata stabile, oggi \u00e8 stato trasferito al Presidio Riabilitativo Borsalino dell&#8217;Azienda Ospedaliera di Alessandria. Qui potr\u00e0 iniziare il suo percorso di riabilitazione: ha gi\u00e0 riacquisito una buona vigilanza, quindi i presupposti per un progressivo miglioramento ci sono&#8221;. Ad annunciare le dimissioni di Stefano [&hellip;]<\/p>\n","protected":false},"author":18,"featured_media":111095,"comment_status":"closed","ping_status":"closed","sticky":false,"template":"","format":"standard","meta":{"ub_ctt_via":"","_mi_skip_tracking":false},"categories":[446],"tags":[783],"featured_image_src":"https:\/\/www.messinaoggi.it\/website\/wp-content\/uploads\/2022\/06\/20220614_1114.jpg","author_info":{"display_name":"Admin","author_link":"https:\/\/www.messinaoggi.it\/website\/author\/admin\/"},"digistream_id":0,"digistream":false,"_links":{"self":[{"href":"https:\/\/www.messinaoggi.it\/website\/wp-json\/wp\/v2\/posts\/111094"}],"collection":[{"href":"https:\/\/www.messinaoggi.it\/website\/wp-json\/wp\/v2\/posts"}],"about":[{"href":"https:\/\/www.messinaoggi.it\/website\/wp-json\/wp\/v2\/types\/post"}],"author":[{"embeddable":true,"href":"https:\/\/www.messinaoggi.it\/website\/wp-json\/wp\/v2\/users\/18"}],"replies":[{"embeddable":true,"href":"https:\/\/www.messinaoggi.it\/website\/wp-json\/wp\/v2\/comments?post=111094"}],"version-history":[{"count":0,"href":"https:\/\/www.messinaoggi.it\/website\/wp-json\/wp\/v2\/posts\/111094\/revisions"}],"wp:featuredmedia":[{"embeddable":true,"href":"https:\/\/www.messinaoggi.it\/website\/wp-json\/wp\/v2\/media\/111095"}],"wp:attachment":[{"href":"https:\/\/www.messinaoggi.it\/website\/wp-json\/wp\/v2\/media?parent=111094"}],"wp:term":[{"taxonomy":"category","embeddable":true,"href":"https:\/\/www.messinaoggi.it\/website\/wp-json\/wp\/v2\/categories?post=111094"},{"taxonomy":"post_tag","embeddable":true,"href":"https:\/\/www.messinaoggi.it\/website\/wp-json\/wp\/v2\/tags?post=111094"}],"curies":[{"name":"wp","href":"https:\/\/api.w.org\/{rel}","templated":true}]}}