{"id":111092,"date":"2022-06-14T14:07:39","date_gmt":"2022-06-14T12:07:39","guid":{"rendered":"https:\/\/www.messinaoggi.it\/website\/2022\/06\/14\/franceschini-italia-sosterra-candidatura-di-odessa-nella-lista-unesco\/"},"modified":"2022-06-14T14:07:39","modified_gmt":"2022-06-14T12:07:39","slug":"franceschini-italia-sosterra-candidatura-di-odessa-nella-lista-unesco","status":"publish","type":"post","link":"https:\/\/www.messinaoggi.it\/website\/2022\/06\/14\/franceschini-italia-sosterra-candidatura-di-odessa-nella-lista-unesco\/","title":{"rendered":"Franceschini \u201cItalia sosterr\u00e0 candidatura di Odessa nella lista Unesco\u201d"},"content":{"rendered":"<div>ROMA (ITALPRESS) &#8211; &#8220;L&#8217;Italia sosterr\u00e0 l&#8217;Ucraina nella predisposizione del dossier di candidatura di Odessa per l&#8217;iscrizione nella Lista del Patrimonio Mondiale Unesco&#8221;. Lo rende noto il ministro della Cultura, Dario Franceschini che aggiunge: &#8220;sono lieto di dare seguito immediato alla richiesta fattami dal Ministro della Cultura Ucraino, Oleksander Tkachenko, e dal Sindaco di Odessa, Gennadiy Trukhanov, per sostenere l&#8217;iscrizione nella lista del patrimonio mondiale di Odessa, citt\u00e0 di grande bellezza ed interesse storico-artistico, legata all&#8217;Italia da una moltitudine di rapporti intessuti negli anni, oggi oggetto di una brutale aggressione militare&#8221;.<br \/>Raccogliendo l&#8217;appello delle autorit\u00e0 ucraine, il Ministero della Cultura italiano mette a disposizione dell&#8217;Ucraina le proprie competenze e l&#8217;ampio expertise maturato nel settore della Convenzione sul Patrimonio Mondiale UNESCO per l&#8217;elaborazione dei documenti di candidatura della citt\u00e0 di Odessa. La candidatura, una volta conclusa e presentata all&#8217;UNESCO, potrebbe essere valutata gi\u00e0 durante il prossimo Comitato del Patrimonio Mondiale nella categoria delle iscrizioni &#8220;in emergenza&#8221;. Si tratta di una particolare procedura, prevista dalle Linee Guida Operative della Convenzione sul Patrimonio Mondiale, adottata in casi d&#8217;urgenza e caratterizzata dai tempi ridotti della valutazione. La proposta italiana \u00e8 stata ufficialmente inviata dall&#8217;UNESCO al Ministero della cultura ucraino. La proposta di iscrizione della citt\u00e0 di Odessa e del suo porto \u00e8 stata inserita nella Lista propositiva nazionale ucraina nel 2009. Il Ministero della Cultura ha agito in coordinamento con il Ministero degli Affari Esteri e della Cooperazione internazionale attraverso la Rappresentanza italiana all&#8217;UNESCO.<br \/>&#8211; foto agenziafotogramma.it &#8211;<br \/>(ITALPRESS).<\/div>\n<div id=\"div-gpt-ad-Messinaoggi.it-DSK-300x250-corpoart\" style=\"text-align:center;margin:0 auto;\"><\/div><\/p><div id=\"videoincontent\" style=\"clear:both\";><\/div>","protected":false},"excerpt":{"rendered":"<p>ROMA (ITALPRESS) &#8211; &#8220;L&#8217;Italia sosterr\u00e0 l&#8217;Ucraina nella predisposizione del dossier di candidatura di Odessa per l&#8217;iscrizione nella Lista del Patrimonio Mondiale Unesco&#8221;. Lo rende noto il ministro della Cultura, Dario Franceschini che aggiunge: &#8220;sono lieto di dare seguito immediato alla richiesta fattami dal Ministro della Cultura Ucraino, Oleksander Tkachenko, e dal Sindaco di Odessa, Gennadiy [&hellip;]<\/p>\n","protected":false},"author":18,"featured_media":111093,"comment_status":"closed","ping_status":"closed","sticky":false,"template":"","format":"standard","meta":{"ub_ctt_via":"","_mi_skip_tracking":false},"categories":[446],"tags":[783],"featured_image_src":"https:\/\/www.messinaoggi.it\/website\/wp-content\/uploads\/2022\/06\/20220614_0761.jpg","author_info":{"display_name":"Admin","author_link":"https:\/\/www.messinaoggi.it\/website\/author\/admin\/"},"digistream_id":0,"digistream":false,"_links":{"self":[{"href":"https:\/\/www.messinaoggi.it\/website\/wp-json\/wp\/v2\/posts\/111092"}],"collection":[{"href":"https:\/\/www.messinaoggi.it\/website\/wp-json\/wp\/v2\/posts"}],"about":[{"href":"https:\/\/www.messinaoggi.it\/website\/wp-json\/wp\/v2\/types\/post"}],"author":[{"embeddable":true,"href":"https:\/\/www.messinaoggi.it\/website\/wp-json\/wp\/v2\/users\/18"}],"replies":[{"embeddable":true,"href":"https:\/\/www.messinaoggi.it\/website\/wp-json\/wp\/v2\/comments?post=111092"}],"version-history":[{"count":0,"href":"https:\/\/www.messinaoggi.it\/website\/wp-json\/wp\/v2\/posts\/111092\/revisions"}],"wp:featuredmedia":[{"embeddable":true,"href":"https:\/\/www.messinaoggi.it\/website\/wp-json\/wp\/v2\/media\/111093"}],"wp:attachment":[{"href":"https:\/\/www.messinaoggi.it\/website\/wp-json\/wp\/v2\/media?parent=111092"}],"wp:term":[{"taxonomy":"category","embeddable":true,"href":"https:\/\/www.messinaoggi.it\/website\/wp-json\/wp\/v2\/categories?post=111092"},{"taxonomy":"post_tag","embeddable":true,"href":"https:\/\/www.messinaoggi.it\/website\/wp-json\/wp\/v2\/tags?post=111092"}],"curies":[{"name":"wp","href":"https:\/\/api.w.org\/{rel}","templated":true}]}}