{"id":111028,"date":"2022-06-14T00:07:34","date_gmt":"2022-06-13T22:07:34","guid":{"rendered":"https:\/\/www.messinaoggi.it\/website\/2022\/06\/13\/le-mascherine-non-saranno-obbligatorie-agli-esami-di-maturita\/"},"modified":"2022-06-14T10:27:40","modified_gmt":"2022-06-14T08:27:40","slug":"le-mascherine-non-saranno-obbligatorie-agli-esami-di-maturita","status":"publish","type":"post","link":"https:\/\/www.messinaoggi.it\/website\/2022\/06\/14\/le-mascherine-non-saranno-obbligatorie-agli-esami-di-maturita\/","title":{"rendered":"Le mascherine non saranno obbligatorie agli esami di maturit\u00e0"},"content":{"rendered":"<div>ROMA (ITALPRESS) &#8211; L&#8217;uso delle mascherine agli esami di maturit\u00e0 non sar\u00e0 obbligatorio, ma raccomandato. E&#8217; questo l&#8217;esito, secondo quanto si apprende, di un incontro tra i ministri della Salute Roberto Speranza e dell&#8217;Istruzione Patrizio Bianchi. Sar\u00e0 proposta una norma al prossimo Consiglio dei Ministri, alla quale seguir\u00e0 una circolare esplicativa alle scuole. Cade l&#8217;obbligo delle mascherine anche per gli esami di Stato del primo ciclo.<br \/>&#8220;Proficuo incontro tra i ministri Bianchi e Speranza. Ha prevalso il buon senso: gli esami di maturit\u00e0 si faranno senza mascherine &#8211; commenta il sottosegretario alla Salute Andrea Costa -. Al prossimo Consiglio dei Ministri previsto per mercoled\u00ec potr\u00e0 essere individuato il provvedimento. I nostri ragazzi e le nostre ragazze potranno affrontare finalmente una delle prove scolastiche, tra le pi\u00f9 impegnative della propria carriera, comunque in sicurezza, seppur senza alcuna restrizione. Ho fatto mia, sin da subito, insieme al partito che rappresento, Noi con l&#8217;Italia, questa battaglia e sono decisamente soddisfatto del risultato raggiunto. Ho sempre sostenuto che in questo specifico caso la decisione fosse principalmente politica e che ci fossero le condizioni, anche sanitarie, per prevedere lo stop all&#8217;obbligo di questi dispositivi di protezione &#8211; aggiunge -. Ancora una volta \u00e8 stata la politica ad assumersi la responsabilit\u00e0 delle scelte. Ringrazio il presidente Draghi e i Ministri Speranza e Bianchi per l&#8217;ascolto e la sensibilit\u00e0 dimostrata. Abbiamo compiuto un passo decisivo e ottenuto un precedente importante verso il conseguimento dell&#8217;obiettivo che si \u00e8 prefissato il Governo per il prossimo anno scolastico: iniziare la scuola in presenza e senza mascherine&#8221;.<div id=\"div-gpt-ad-Messinaoggi.it-DSK-300x250-corpoart\" style=\"text-align:center;margin:0 auto;\"><\/div><\/p>\n<p>&#8211; foto agenziafotogramma.it &#8211;<div id=\"videoincontent\" style=\"clear:both\";><\/div><\/p>\n<p>(ITALPRESS).<\/p><\/div>\n","protected":false},"excerpt":{"rendered":"<p>ROMA (ITALPRESS) &#8211; L&#8217;uso delle mascherine agli esami di maturit\u00e0 non sar\u00e0 obbligatorio, ma raccomandato. E&#8217; questo l&#8217;esito, secondo quanto si apprende, di un incontro tra i ministri della Salute Roberto Speranza e dell&#8217;Istruzione Patrizio Bianchi. Sar\u00e0 proposta una norma al prossimo Consiglio dei Ministri, alla quale seguir\u00e0 una circolare esplicativa alle scuole. Cade l&#8217;obbligo [&hellip;]<\/p>\n","protected":false},"author":18,"featured_media":111029,"comment_status":"closed","ping_status":"closed","sticky":false,"template":"","format":"standard","meta":{"ub_ctt_via":"","_mi_skip_tracking":false},"categories":[221,7,446],"tags":[783],"featured_image_src":"https:\/\/www.messinaoggi.it\/website\/wp-content\/uploads\/2022\/06\/20220613_2788.jpg","author_info":{"display_name":"Admin","author_link":"https:\/\/www.messinaoggi.it\/website\/author\/admin\/"},"digistream_id":0,"digistream":false,"_links":{"self":[{"href":"https:\/\/www.messinaoggi.it\/website\/wp-json\/wp\/v2\/posts\/111028"}],"collection":[{"href":"https:\/\/www.messinaoggi.it\/website\/wp-json\/wp\/v2\/posts"}],"about":[{"href":"https:\/\/www.messinaoggi.it\/website\/wp-json\/wp\/v2\/types\/post"}],"author":[{"embeddable":true,"href":"https:\/\/www.messinaoggi.it\/website\/wp-json\/wp\/v2\/users\/18"}],"replies":[{"embeddable":true,"href":"https:\/\/www.messinaoggi.it\/website\/wp-json\/wp\/v2\/comments?post=111028"}],"version-history":[{"count":1,"href":"https:\/\/www.messinaoggi.it\/website\/wp-json\/wp\/v2\/posts\/111028\/revisions"}],"predecessor-version":[{"id":111071,"href":"https:\/\/www.messinaoggi.it\/website\/wp-json\/wp\/v2\/posts\/111028\/revisions\/111071"}],"wp:featuredmedia":[{"embeddable":true,"href":"https:\/\/www.messinaoggi.it\/website\/wp-json\/wp\/v2\/media\/111029"}],"wp:attachment":[{"href":"https:\/\/www.messinaoggi.it\/website\/wp-json\/wp\/v2\/media?parent=111028"}],"wp:term":[{"taxonomy":"category","embeddable":true,"href":"https:\/\/www.messinaoggi.it\/website\/wp-json\/wp\/v2\/categories?post=111028"},{"taxonomy":"post_tag","embeddable":true,"href":"https:\/\/www.messinaoggi.it\/website\/wp-json\/wp\/v2\/tags?post=111028"}],"curies":[{"name":"wp","href":"https:\/\/api.w.org\/{rel}","templated":true}]}}