{"id":11102,"date":"2017-11-08T06:57:34","date_gmt":"2017-11-08T05:57:34","guid":{"rendered":"http:\/\/www.messinaoggi.it\/website\/?p=11102"},"modified":"2017-11-08T06:57:34","modified_gmt":"2017-11-08T05:57:34","slug":"musumeci-voglio-essere-alternativa-non-alternanza","status":"publish","type":"post","link":"https:\/\/www.messinaoggi.it\/website\/2017\/11\/08\/musumeci-voglio-essere-alternativa-non-alternanza\/","title":{"rendered":"Musumeci: &quot;Voglio essere alternativa non alternanza"},"content":{"rendered":"<p>&#8220;Voglio essere alternativa, non alternanza. Veniamo da settant&#8217;anni di politica assurda e irrazionale. Ora voglio voltare pagina&#8221;.<br \/>\nLo ha detto Nello Musumeci in collegamento con Porta a Porta. &#8220;Potr\u00f2 dire qualche no, perch\u00e8 tra 5 anni me ne torno in campagna. Il mio primo provvedimento sara&#8217; rendere efficiente la Regione, premiare il merito dei dirigenti e andare a Roma e incontrare il governo &#8211; conclude &#8211; per vedere se vuole applicare in toto le misure previste dallo Statuto&#8221;.<br \/>\nIo ci metto la faccia nell&#8217;ultima stagione della mia vita, io non devo costruire carriere sulle macerie lasciate dal centrosinistra, io voglio fare il lavoro pi\u00f9 difficile e pi\u00f9 sporco, bonificare questo ente Regione&#8221;. Lo ha detto il neo eletto presidente della Sicilia, Nello Musumeci, durante la registrazione di &#8216;Porta a Porta&#8217;. &#8220;Sar\u00e0 difficile ma ci riuscir\u00f2 perch\u00e9 io sono un uomo libero, tra cinque anni andr\u00f2 via e quindi potr\u00f2 dire anche dei no&#8221;, ha aggiunto.<div id=\"div-gpt-ad-Messinaoggi.it-DSK-300x250-corpoart\" style=\"text-align:center;margin:0 auto;\"><\/div><\/p>\n<div id=\"videoincontent\" style=\"clear:both\";><\/div>","protected":false},"excerpt":{"rendered":"<p>&#8220;Voglio essere alternativa, non alternanza. Veniamo da settant&#8217;anni di politica assurda e irrazionale. Ora voglio voltare pagina&#8221;. Lo ha detto Nello Musumeci in collegamento con Porta a Porta. &#8220;Potr\u00f2 dire qualche no, perch\u00e8 tra 5 anni me ne torno in campagna. Il mio primo provvedimento sara&#8217; rendere efficiente la Regione, premiare il merito dei dirigenti [&hellip;]<\/p>\n","protected":false},"author":2,"featured_media":10969,"comment_status":"closed","ping_status":"open","sticky":false,"template":"","format":"standard","meta":{"ub_ctt_via":"","_mi_skip_tracking":false},"categories":[19],"tags":[],"featured_image_src":"https:\/\/www.messinaoggi.it\/website\/wp-content\/uploads\/2017\/11\/nello-musumeci-RRP_9992.jpg","author_info":{"display_name":"Redazione","author_link":"https:\/\/www.messinaoggi.it\/website\/author\/redazione\/"},"digistream_id":0,"digistream":false,"_links":{"self":[{"href":"https:\/\/www.messinaoggi.it\/website\/wp-json\/wp\/v2\/posts\/11102"}],"collection":[{"href":"https:\/\/www.messinaoggi.it\/website\/wp-json\/wp\/v2\/posts"}],"about":[{"href":"https:\/\/www.messinaoggi.it\/website\/wp-json\/wp\/v2\/types\/post"}],"author":[{"embeddable":true,"href":"https:\/\/www.messinaoggi.it\/website\/wp-json\/wp\/v2\/users\/2"}],"replies":[{"embeddable":true,"href":"https:\/\/www.messinaoggi.it\/website\/wp-json\/wp\/v2\/comments?post=11102"}],"version-history":[{"count":0,"href":"https:\/\/www.messinaoggi.it\/website\/wp-json\/wp\/v2\/posts\/11102\/revisions"}],"wp:featuredmedia":[{"embeddable":true,"href":"https:\/\/www.messinaoggi.it\/website\/wp-json\/wp\/v2\/media\/10969"}],"wp:attachment":[{"href":"https:\/\/www.messinaoggi.it\/website\/wp-json\/wp\/v2\/media?parent=11102"}],"wp:term":[{"taxonomy":"category","embeddable":true,"href":"https:\/\/www.messinaoggi.it\/website\/wp-json\/wp\/v2\/categories?post=11102"},{"taxonomy":"post_tag","embeddable":true,"href":"https:\/\/www.messinaoggi.it\/website\/wp-json\/wp\/v2\/tags?post=11102"}],"curies":[{"name":"wp","href":"https:\/\/api.w.org\/{rel}","templated":true}]}}