{"id":111003,"date":"2022-06-13T18:32:36","date_gmt":"2022-06-13T16:32:36","guid":{"rendered":"https:\/\/www.messinaoggi.it\/website\/2022\/06\/13\/lagalla-al-lavoro-subito-per-la-citta-di-palermo\/"},"modified":"2022-06-13T18:32:36","modified_gmt":"2022-06-13T16:32:36","slug":"lagalla-al-lavoro-subito-per-la-citta-di-palermo","status":"publish","type":"post","link":"https:\/\/www.messinaoggi.it\/website\/2022\/06\/13\/lagalla-al-lavoro-subito-per-la-citta-di-palermo\/","title":{"rendered":"Lagalla \u201cAl lavoro subito per la citt\u00e0 di Palermo\u201d"},"content":{"rendered":"<div>\n<p>PALERMO (ITALPRESS) \u2013 \u201cRingrazio gli elettori che hanno deciso di assegnare questo ruolo a chi vi parla. Vi \u00e8 da segnalare una forte e critica astensione che lascia pensare in Italia e a Palermo dove si sono verificati fatti che hanno ulteriormente appesantito questa tendenza alla disaffezione politica\u201d. Lo ha detto Roberto Lagalla, candidato sindaco del centrodestra, in conferenza stampa al comitato elettorale a Palermo.<br \/>\n\u201cInizieremo dal momento dell\u2019insediamento con la colazione e i partiti e con tutto il consiglio comunale con la maggioranza ed anche con opposizione a lavorare per la citt\u00e0 che \u00e8 afflitta da tanti problemi a partire da quello del bilancio con cui sar\u00e0 necessaria interlocuzione con governo nazionale sapendo che avremo vicinanza governo regionale\u201d.<br \/>\n\u2013 foto xd5 \u2013<br \/>\n(ITALPRESS).<div id=\"div-gpt-ad-Messinaoggi.it-DSK-300x250-corpoart\" style=\"text-align:center;margin:0 auto;\"><\/div><\/p>\n<\/div>\n<div id=\"videoincontent\" style=\"clear:both\";><\/div>","protected":false},"excerpt":{"rendered":"<p>PALERMO (ITALPRESS) \u2013 \u201cRingrazio gli elettori che hanno deciso di assegnare questo ruolo a chi vi parla. Vi \u00e8 da segnalare una forte e critica astensione che lascia pensare in Italia e a Palermo dove si sono verificati fatti che hanno ulteriormente appesantito questa tendenza alla disaffezione politica\u201d. Lo ha detto Roberto Lagalla, candidato sindaco [&hellip;]<\/p>\n","protected":false},"author":18,"featured_media":111004,"comment_status":"closed","ping_status":"closed","sticky":false,"template":"","format":"standard","meta":{"ub_ctt_via":"","_mi_skip_tracking":false},"categories":[2449],"tags":[783],"featured_image_src":"https:\/\/www.messinaoggi.it\/website\/wp-content\/uploads\/2022\/06\/LAGALLA.jpg","author_info":{"display_name":"Admin","author_link":"https:\/\/www.messinaoggi.it\/website\/author\/admin\/"},"digistream_id":0,"digistream":false,"_links":{"self":[{"href":"https:\/\/www.messinaoggi.it\/website\/wp-json\/wp\/v2\/posts\/111003"}],"collection":[{"href":"https:\/\/www.messinaoggi.it\/website\/wp-json\/wp\/v2\/posts"}],"about":[{"href":"https:\/\/www.messinaoggi.it\/website\/wp-json\/wp\/v2\/types\/post"}],"author":[{"embeddable":true,"href":"https:\/\/www.messinaoggi.it\/website\/wp-json\/wp\/v2\/users\/18"}],"replies":[{"embeddable":true,"href":"https:\/\/www.messinaoggi.it\/website\/wp-json\/wp\/v2\/comments?post=111003"}],"version-history":[{"count":0,"href":"https:\/\/www.messinaoggi.it\/website\/wp-json\/wp\/v2\/posts\/111003\/revisions"}],"wp:featuredmedia":[{"embeddable":true,"href":"https:\/\/www.messinaoggi.it\/website\/wp-json\/wp\/v2\/media\/111004"}],"wp:attachment":[{"href":"https:\/\/www.messinaoggi.it\/website\/wp-json\/wp\/v2\/media?parent=111003"}],"wp:term":[{"taxonomy":"category","embeddable":true,"href":"https:\/\/www.messinaoggi.it\/website\/wp-json\/wp\/v2\/categories?post=111003"},{"taxonomy":"post_tag","embeddable":true,"href":"https:\/\/www.messinaoggi.it\/website\/wp-json\/wp\/v2\/tags?post=111003"}],"curies":[{"name":"wp","href":"https:\/\/api.w.org\/{rel}","templated":true}]}}