{"id":110962,"date":"2022-06-13T12:32:45","date_gmt":"2022-06-13T10:32:45","guid":{"rendered":"https:\/\/www.messinaoggi.it\/website\/2022\/06\/13\/fondi-feasr-2023-27-in-sicilia-bandi-agricoltura-a-fine-estate\/"},"modified":"2022-06-13T12:32:45","modified_gmt":"2022-06-13T10:32:45","slug":"fondi-feasr-2023-27-in-sicilia-bandi-agricoltura-a-fine-estate","status":"publish","type":"post","link":"https:\/\/www.messinaoggi.it\/website\/2022\/06\/13\/fondi-feasr-2023-27-in-sicilia-bandi-agricoltura-a-fine-estate\/","title":{"rendered":"Fondi Feasr 2023-27, in Sicilia bandi agricoltura a fine estate"},"content":{"rendered":"<div>\n<p>PALERMO (ITALPRESS) \u2013 \u201cBuone notizie dalla Commissione Politiche Agricole: raggiunta l\u2019intesa sul riparto delle risorse finanziarie per il nuovo periodo di programmazione 2023-2027\u201d. A dichiararlo \u00e8 l\u2019assessore regionale all\u2019Agricoltura, Sviluppo Rurale e Pesca Mediterranea, Toni Scilla.  \u201cSar\u00e0 cos\u00ec possibile attivare i relativi bandi gi\u00e0 alla fine dell\u2019estate, dando subito nuove opportunit\u00e0 agli imprenditori agricoli siciliani\u201d continua il rappresentante del governo Musumeci. \u201cSi tratta di un buon accordo per la Sicilia \u2013 aggiunge Scilla \u2013 a seguito della maggiore incidenza del cofinanziamento nazionale, dal momento si passa dai circa 2,2 miliardi di euro di spesa pubblica del settennio 2014-2020 ai circa 2,6 miliardi di euro per il settennio 2021-2027. Saranno finanziate, tra le altre, le misure che riguardano l\u2019insediamento dei giovani in agricoltura, gli investimenti nelle aziende agricole ed, ancora, misure specifiche per gli agriturismi e per le strade interpoderali. Serve sottolineare \u2013 chiarisce l\u2019assessore \u2013 che questo accordo vale solo ed esclusivamente per la programmazione 2023-2027 e non rappresenta alcun precedente per le prossime programmazioni. Questo significa che i futuri criteri che stabiliranno le successive ripartizioni saranno stabiliti in un secondo tempo\u201d.<br \/>(ITALPRESS).<div id=\"div-gpt-ad-Messinaoggi.it-DSK-300x250-corpoart\" style=\"text-align:center;margin:0 auto;\"><\/div><\/p>\n<p>\u2013 foto Ufficio Stampa Regione Siciliana \u2013<div id=\"videoincontent\" style=\"clear:both\";><\/div><\/p>\n<\/div>\n","protected":false},"excerpt":{"rendered":"<p>PALERMO (ITALPRESS) \u2013 \u201cBuone notizie dalla Commissione Politiche Agricole: raggiunta l\u2019intesa sul riparto delle risorse finanziarie per il nuovo periodo di programmazione 2023-2027\u201d. A dichiararlo \u00e8 l\u2019assessore regionale all\u2019Agricoltura, Sviluppo Rurale e Pesca Mediterranea, Toni Scilla. \u201cSar\u00e0 cos\u00ec possibile attivare i relativi bandi gi\u00e0 alla fine dell\u2019estate, dando subito nuove opportunit\u00e0 agli imprenditori agricoli siciliani\u201d [&hellip;]<\/p>\n","protected":false},"author":18,"featured_media":110963,"comment_status":"closed","ping_status":"closed","sticky":false,"template":"","format":"standard","meta":{"ub_ctt_via":"","_mi_skip_tracking":false},"categories":[2449],"tags":[783],"featured_image_src":"https:\/\/www.messinaoggi.it\/website\/wp-content\/uploads\/2022\/06\/20220613_0435.jpg","author_info":{"display_name":"Admin","author_link":"https:\/\/www.messinaoggi.it\/website\/author\/admin\/"},"digistream_id":0,"digistream":false,"_links":{"self":[{"href":"https:\/\/www.messinaoggi.it\/website\/wp-json\/wp\/v2\/posts\/110962"}],"collection":[{"href":"https:\/\/www.messinaoggi.it\/website\/wp-json\/wp\/v2\/posts"}],"about":[{"href":"https:\/\/www.messinaoggi.it\/website\/wp-json\/wp\/v2\/types\/post"}],"author":[{"embeddable":true,"href":"https:\/\/www.messinaoggi.it\/website\/wp-json\/wp\/v2\/users\/18"}],"replies":[{"embeddable":true,"href":"https:\/\/www.messinaoggi.it\/website\/wp-json\/wp\/v2\/comments?post=110962"}],"version-history":[{"count":0,"href":"https:\/\/www.messinaoggi.it\/website\/wp-json\/wp\/v2\/posts\/110962\/revisions"}],"wp:featuredmedia":[{"embeddable":true,"href":"https:\/\/www.messinaoggi.it\/website\/wp-json\/wp\/v2\/media\/110963"}],"wp:attachment":[{"href":"https:\/\/www.messinaoggi.it\/website\/wp-json\/wp\/v2\/media?parent=110962"}],"wp:term":[{"taxonomy":"category","embeddable":true,"href":"https:\/\/www.messinaoggi.it\/website\/wp-json\/wp\/v2\/categories?post=110962"},{"taxonomy":"post_tag","embeddable":true,"href":"https:\/\/www.messinaoggi.it\/website\/wp-json\/wp\/v2\/tags?post=110962"}],"curies":[{"name":"wp","href":"https:\/\/api.w.org\/{rel}","templated":true}]}}