{"id":110952,"date":"2022-06-13T11:07:32","date_gmt":"2022-06-13T09:07:32","guid":{"rendered":"https:\/\/www.messinaoggi.it\/website\/2022\/06\/13\/chiellini-volo-a-los-angeles-per-preparare-il-mio-futuro\/"},"modified":"2022-06-13T11:07:32","modified_gmt":"2022-06-13T09:07:32","slug":"chiellini-volo-a-los-angeles-per-preparare-il-mio-futuro","status":"publish","type":"post","link":"https:\/\/www.messinaoggi.it\/website\/2022\/06\/13\/chiellini-volo-a-los-angeles-per-preparare-il-mio-futuro\/","title":{"rendered":"Chiellini \u201cVolo a Los Angeles per preparare il mio futuro\u201d"},"content":{"rendered":"<div>ROMA (ITALPRESS) &#8211; Un volo oltreoceano per chiudere degnamente una carriera da big e preparare il terreno per la sua seconda vita lavorativa, quella da dirigente. Non c&#8217;\u00e8 ancora l&#8217;ufficialit\u00e0 ma \u00e8 tutto fatto per Giorgio Chiellini ai Los Angeles FC. Se il club, con una gift, non lascia dubbi sullo sbarco nella MLS dell&#8217;ormai ex centrale di Juventus e Nazionale (&#8220;In arrivo presto&#8221; \u00e8 il titolo piuttosto eloquente&#8221;), anche il quasi 38enne difensore livornese non si nasconde. &#8220;Credo che un&#8217;esperienza fuori serva per tutto, per finire anche pi\u00f9 gradualmente la mia esperienza calcistica e per preparare nel migliore dei modo il mio futuro &#8211; spiega Chiellini ai microfoni di Radio Anch&#8217;io Sport, su Rai Radio 1 &#8211; E&#8217; un campionato in crescita, dove posso crescere anche io. Questa avventura ce l&#8217;ho in testa da tempo e sar\u00e0 propedeutica per il dopo, anche se non \u00e8 detto che un bravo giocatore diventi un bravo dirigente. Per la qualit\u00e0 delle partite avrei potuto continuare, ma ho preferito andare via prima: negli ultimi anni della mia vita ho trovato un equilibrio personale per vivere tutto con serenit\u00e0&#8221;. Chiellini sa che non sar\u00e0 facile passare dal campo alla scrivania: &#8220;Per noi quello che c&#8217;\u00e8 dietro \u00e8 qualcosa di sconosciuto. Ci vorr\u00e0 lavoro, pazienza e voglia di imparare, a me le cose piace farle bene&#8221;. Con 117 presenze in Nazionale e una fascia da capitano &#8216;cedut\u00e0 all&#8217;amico Leonardo Bonucci, Chiellini \u00e8 sicuro che il gruppo del ct Mancini \u00e8 solo all&#8217;inizio della sua cavalcata: &#8220;Questa squadra verr\u00e0 a compimento ai prossimi Europei o ai Mondiali del 2026, quando gente come Chiesa e Donnarumma raggiunger\u00e0 la piena maturit\u00e0. La scorsa estate, con la vittoria agli Europei, abbiamo vissuto un mese di magia, un exploit al di sopra delle nostre attese, ma tra qualche anno l&#8217;Italia sar\u00e0 al top per arrivare a qualsiasi traguardo&#8221;. Anche a centrocampo per Chiellini non ci sono particolari problemi: &#8220;Tutti invidiano i nostri centrocampisti. Si pensa a pensionare Jorginho e Verratti, che giocano in due grandi club, ma guadiamo anche chi c&#8217;\u00e8 dietro: bisogna capire quanto di buono si ha&#8221;. Per quanto riguarda la Serie A, ad oggi &#8220;l&#8217;Inter \u00e8 davanti a tutte nonostante abbia perso lo scudetto, \u00e8 una spanna sopra le altre. Se fanno pi\u00f9 un affare i nerazzurri a prendere Dybala o i bianconeri Di Maria? Difficile stabilirlo prima, le squadre vanno giudicate nella loro completezza. Sono due fantastici giocatori &#8211; conclude Chiellini &#8211; ma vanno integrati nel gruppo, come dimostrano anche Ronaldo e Messi&#8221;. <br \/>&#8211; foto LivePhotoSport &#8211;<br \/>(ITALPRESS).<\/div>\n<div id=\"div-gpt-ad-Messinaoggi.it-DSK-300x250-corpoart\" style=\"text-align:center;margin:0 auto;\"><\/div><\/p><div id=\"videoincontent\" style=\"clear:both\";><\/div>","protected":false},"excerpt":{"rendered":"<p>ROMA (ITALPRESS) &#8211; Un volo oltreoceano per chiudere degnamente una carriera da big e preparare il terreno per la sua seconda vita lavorativa, quella da dirigente. Non c&#8217;\u00e8 ancora l&#8217;ufficialit\u00e0 ma \u00e8 tutto fatto per Giorgio Chiellini ai Los Angeles FC. Se il club, con una gift, non lascia dubbi sullo sbarco nella MLS dell&#8217;ormai [&hellip;]<\/p>\n","protected":false},"author":18,"featured_media":110953,"comment_status":"closed","ping_status":"closed","sticky":false,"template":"","format":"standard","meta":{"ub_ctt_via":"","_mi_skip_tracking":false},"categories":[446],"tags":[783],"featured_image_src":"https:\/\/www.messinaoggi.it\/website\/wp-content\/uploads\/2022\/06\/20220613_0202.jpg","author_info":{"display_name":"Admin","author_link":"https:\/\/www.messinaoggi.it\/website\/author\/admin\/"},"digistream_id":0,"digistream":false,"_links":{"self":[{"href":"https:\/\/www.messinaoggi.it\/website\/wp-json\/wp\/v2\/posts\/110952"}],"collection":[{"href":"https:\/\/www.messinaoggi.it\/website\/wp-json\/wp\/v2\/posts"}],"about":[{"href":"https:\/\/www.messinaoggi.it\/website\/wp-json\/wp\/v2\/types\/post"}],"author":[{"embeddable":true,"href":"https:\/\/www.messinaoggi.it\/website\/wp-json\/wp\/v2\/users\/18"}],"replies":[{"embeddable":true,"href":"https:\/\/www.messinaoggi.it\/website\/wp-json\/wp\/v2\/comments?post=110952"}],"version-history":[{"count":0,"href":"https:\/\/www.messinaoggi.it\/website\/wp-json\/wp\/v2\/posts\/110952\/revisions"}],"wp:featuredmedia":[{"embeddable":true,"href":"https:\/\/www.messinaoggi.it\/website\/wp-json\/wp\/v2\/media\/110953"}],"wp:attachment":[{"href":"https:\/\/www.messinaoggi.it\/website\/wp-json\/wp\/v2\/media?parent=110952"}],"wp:term":[{"taxonomy":"category","embeddable":true,"href":"https:\/\/www.messinaoggi.it\/website\/wp-json\/wp\/v2\/categories?post=110952"},{"taxonomy":"post_tag","embeddable":true,"href":"https:\/\/www.messinaoggi.it\/website\/wp-json\/wp\/v2\/tags?post=110952"}],"curies":[{"name":"wp","href":"https:\/\/api.w.org\/{rel}","templated":true}]}}