{"id":110942,"date":"2022-06-13T09:07:47","date_gmt":"2022-06-13T07:07:47","guid":{"rendered":"http:\/\/www.messinaoggi.it\/website\/?p=110942"},"modified":"2022-06-13T09:07:48","modified_gmt":"2022-06-13T07:07:48","slug":"andronico-uil-fpl-stop-alla-privatizzazione-della-sanita","status":"publish","type":"post","link":"https:\/\/www.messinaoggi.it\/website\/2022\/06\/13\/andronico-uil-fpl-stop-alla-privatizzazione-della-sanita\/","title":{"rendered":"Andronico (Uil-Fpl): &#8220;Stop alla privatizzazione della Sanit\u00e0&#8221;"},"content":{"rendered":"\n<p>La Uil-Fpl, attraverso una nota stampa del segretario provinciale, <strong>Livio Andronico<\/strong>, chiede che si blocchi il processo di privatizzazione della Sanit\u00e0 pubblica. Nello specifico, il sindacato manifesta la propria contrariet\u00e0 all\u2019attivazione di nuove convenzioni da parte dell\u2019Asp con soggetti privati. Ecco il testo della nota.   \u201cFinalmente giorno 13 Giugno 2022, si completa la vicenda della Convenzione stipulata dal San Raffaele Giglio Cefal\u00f9 con l&#8217;Asp di Messina. Certo, se non fosse stato per il sindacato tutto sarebbe passato inosservato. Infatti, mancava il documento concernente le misure sulla salute e sicurezza sul lavoro, non esisteva nessuna scheda contabile riepilogativa per la comparazione del rapporto costi\/benefici, e l&#8217;Asp di Messina avrebbe percepito del DRG prodotto dalla predetta Convenzione, soltanto il 10%, mentre il 90% sarebbe andato ad esclusivo beneficio della Fondazione, soltanto dopo l&#8217;intervento della UIL FPL la fondazione giglio percepir\u00e0 non pi\u00f9 il 90 ma bens\u00ec l&#8217;85%. Ma quanto ce n&#8217;\u00e8 voluto per essere ascoltati! Certo \u00e8 che, il Manager Alagna, non aveva nessuna intenzione di ascoltare la UIL FPL, tanto \u00e8 vero che per svegliarlo dal grande torpore, \u00e8 stata costretta a rivolgersi al Giudice del Lavoro che lo ha condannato per condotta antisindacale. Da quel momento, si \u00e8 avviata la procedura del tavolo di confronto che \u00e8 stata rispettata solamente nell\u2019inviare alle organizzazioni sindacali la documentazione richiesta, evitando comunque di approfondire con le stesse, la convenzione stipulata. Appare inoltre singolare, che non esista nessun atto deliberativo, della convenzione, pubblicato nell&#8217;Albo Pretorio dell\u2019Ente con la relativa documentazione allegata. Comunque, nonostante il Giudice Ordinario Dott.ssa Roberta Rando, abbia nel dispositivo della sentenza vietato l&#8217;utilizzo del personale dell&#8217;Asp di qualunque profilo, fino al completamento della procedura del Confronto, per essere utilizzato per le prestazioni assistenziali della Fondazione Giglio, il Manager ha in pi\u00f9 occasioni violato tale dispositivo giudiziario, disponendo, l&#8217;utilizzo del personale dell\u2019ASP a favore della Fondazione. La UIL FPL, nel manifestare la propria contrariet\u00e0 alla privatizzazione ed alla cessione di rami di azienda, avvertono l&#8217;Asp di Messina, che quanto accaduto, non si deve mai pi\u00f9 ripetere. Per quanto attiene alla convezione stipulata per il Presidio Ospedaliero di Mistretta, la Uil-Fpl, pur stigmatizzando l\u2019azione amministrativa del Commissario Straordinario, non pu\u00f2 esprimere parere negativo in merito all&#8217;implementazione dei servizi sanitari, in quanto, l&#8217;ospedale gi\u00e0 da tempo era stato scientificamente &#8220;abbandonato&#8221; dall&#8217;Asp, privandolo di specialisti delle discipline di Chirurgia, Anestesia, Ostetricia, nonch\u00e9 di attivit\u00e0 ambulatoriale di diverse discipline. Niente da dire sui nuovi servizi offerti all&#8217;hinterland di Mistretta, ma occorre comunque per l\u2019Ospedale di Mistretta, quale Ospedale di zona disagiata il rispetto di quanto previsto dal decreto Balduzzi, che per i presidi ospedalieri ricadenti in zone disagiate, oltre ai servizi prevede anche una U.O. di Medicina con 20 posti letto (eccezioni per zone disagiate, con sede di Pronto Soccorso con letti di \u201cOsservazione Breve Intensiva\u201d e con la presenza di un numero limitato di discipline ad ampia diffusione territoriale: medicina interna, chirurgia generale, ortopedia, anestesia, servizi di supporto in rete di guardia attiva e\/o in regime di pronta disponibilit\u00e0 H24 di radiologia, laboratorio, emoteca.) Pertanto, in considerazione delle voci informali che circolano tra gli addetti ai lavori, nel caso in cui codesta ASP, abbia intenzione di estendere tale tipo di Convenzione, anche ad altri presidi ospedalieri della stessa azienda, avvieremo tutta una serie di iniziative di protesta per difendere il servizio della sanit\u00e0 pubblica dalle ingerenze del Privato, in quanto, sull&#8217;eventuale avvio di privatizzazione di altri presidi non siamo e non saremo mai d\u2019accordo\u201d. Conclude la nota sindacale.<div id=\"div-gpt-ad-Messinaoggi.it-DSK-300x250-corpoart\" style=\"text-align:center;margin:0 auto;\"><\/div><\/p>\n<div id=\"videoincontent\" style=\"clear:both\";><\/div>","protected":false},"excerpt":{"rendered":"<p>La Uil-Fpl, attraverso una nota stampa del segretario provinciale, Livio Andronico, chiede che si blocchi il processo di privatizzazione della Sanit\u00e0 pubblica. Nello specifico, il sindacato manifesta la propria contrariet\u00e0 all\u2019attivazione di nuove convenzioni da parte dell\u2019Asp con soggetti privati. Ecco il testo della nota. \u201cFinalmente giorno 13 Giugno 2022, si completa la vicenda della [&hellip;]<\/p>\n","protected":false},"author":2,"featured_media":47258,"comment_status":"open","ping_status":"open","sticky":false,"template":"","format":"standard","meta":{"ub_ctt_via":"","_mi_skip_tracking":false},"categories":[6],"tags":[40,4430,2462,113,115],"featured_image_src":"https:\/\/www.messinaoggi.it\/website\/wp-content\/uploads\/2020\/09\/0567E18B-28A9-42FE-AD11-6FCA2767DE7B-scaled-1.jpeg","author_info":{"display_name":"Redazione","author_link":"https:\/\/www.messinaoggi.it\/website\/author\/redazione\/"},"digistream_id":0,"digistream":false,"_links":{"self":[{"href":"https:\/\/www.messinaoggi.it\/website\/wp-json\/wp\/v2\/posts\/110942"}],"collection":[{"href":"https:\/\/www.messinaoggi.it\/website\/wp-json\/wp\/v2\/posts"}],"about":[{"href":"https:\/\/www.messinaoggi.it\/website\/wp-json\/wp\/v2\/types\/post"}],"author":[{"embeddable":true,"href":"https:\/\/www.messinaoggi.it\/website\/wp-json\/wp\/v2\/users\/2"}],"replies":[{"embeddable":true,"href":"https:\/\/www.messinaoggi.it\/website\/wp-json\/wp\/v2\/comments?post=110942"}],"version-history":[{"count":1,"href":"https:\/\/www.messinaoggi.it\/website\/wp-json\/wp\/v2\/posts\/110942\/revisions"}],"predecessor-version":[{"id":110943,"href":"https:\/\/www.messinaoggi.it\/website\/wp-json\/wp\/v2\/posts\/110942\/revisions\/110943"}],"wp:featuredmedia":[{"embeddable":true,"href":"https:\/\/www.messinaoggi.it\/website\/wp-json\/wp\/v2\/media\/47258"}],"wp:attachment":[{"href":"https:\/\/www.messinaoggi.it\/website\/wp-json\/wp\/v2\/media?parent=110942"}],"wp:term":[{"taxonomy":"category","embeddable":true,"href":"https:\/\/www.messinaoggi.it\/website\/wp-json\/wp\/v2\/categories?post=110942"},{"taxonomy":"post_tag","embeddable":true,"href":"https:\/\/www.messinaoggi.it\/website\/wp-json\/wp\/v2\/tags?post=110942"}],"curies":[{"name":"wp","href":"https:\/\/api.w.org\/{rel}","templated":true}]}}