{"id":110916,"date":"2022-06-12T17:47:37","date_gmt":"2022-06-12T15:47:37","guid":{"rendered":"https:\/\/www.messinaoggi.it\/website\/2022\/06\/12\/next-generation-erg-premiati-istituti-di-partinico-e-mineo\/"},"modified":"2022-06-12T17:47:37","modified_gmt":"2022-06-12T15:47:37","slug":"next-generation-erg-premiati-istituti-di-partinico-e-mineo","status":"publish","type":"post","link":"https:\/\/www.messinaoggi.it\/website\/2022\/06\/12\/next-generation-erg-premiati-istituti-di-partinico-e-mineo\/","title":{"rendered":"\u201cNext Generation Erg\u201d, premiati istituti di Partinico e Mineo"},"content":{"rendered":"<div>\n<p>GENOVA (ITALPRESS) \u2013 Si \u00e8 chiusa la prima edizione di \u201cNext Generation ERG\u201d, il progetto di educazione ambientale sulla sostenibilit\u00e0 e le energie rinnovabili di ERG, che raccoglie l\u2019eredit\u00e0 del progetto \u201cVai col Vento\u201d. Dopo otto edizioni, infatti, \u201cVai col Vento\u201d si aggiorna ad un mondo sempre pi\u00f9 digitale, pi\u00f9 smart, pi\u00f9 connesso, in cui le nuove generazioni sono gi\u00e0 i protagonisti di oggi. <br \/>Il progetto, dedicato agli studenti dell\u2019ultimo anno delle scuole secondarie di primo grado e delle prime e seconde liceo di tutta Italia, \u00e8 volto a promuovere la conoscenza e la diffusione dell\u2019energia proveniente da fonti rinnovabili, le tecnologie usate e i benefici ambientali che ne derivano.<br \/>Adattandosi alle nuove esigenze e modalit\u00e0 di apprendimento, verificatesi anche a seguito dell\u2019emergenza sanitaria, ERG ha voluto adottare un nuovo approccio per condividere con gli studenti le sue conoscenze, sviluppando una piattaforma di e-learning, raggiungibile al link www.nextgenerationerg.eu, che accompagner\u00e0 docenti e studenti alla scoperta della sostenibilit\u00e0 di ERG aprendo un sipario sul mondo dell\u2019eolico e del solare.<br \/>Grazie a una grafica d\u2019animazione accattivante, immagini in alta risoluzione, e inserti testuali illustrativi, docenti e studenti verranno accompagnati in un\u2019esperienza sensoriale che consentir\u00e0 l\u2019apprendimento delle principali nozioni relative alle tematiche energetiche, alla produzione di energia da fonti rinnovabili, con particolare riferimento ai benefici per l\u2019ambiente e per il contrasto ai cambiamenti climatici.  <br \/>Uno strumento molto utile che ha consentito lo svolgimento delle attivit\u00e0 anche tramite DAD (didattica a distanza), creando le condizioni per incrementare il numero di studenti coinvolti nell\u2019iniziativa, che quest\u2019anno sono stati pi\u00f9 di 5.200!<br \/>Lo sviluppo tecnico \u00e8 curato da Ancitel Energia e Ambiente, una PMI che nelle sue diverse attivit\u00e0 ha all\u2019attivo diversi progetti di educazione ambientale.<br \/>Nel corso dell\u2019evento sono stati assegnati i premi #nextg22 Awards e #nextg22 School of the Year relativi al concorso \u201c\u201dLa transizione ecologica e culturale: ripensare il nostro stile di vita in armonia con la natura\u201d.<br \/>Gli elaborati sono stati valutati da un\u2019apposita giuria composta da professionisti ERG ed esperti del settore energetico.<br \/>Questi gli istituti vincitori: IC Capuana di Mineo (CT), Sicilia. Gianfranco Bonerba, con il modellino \u201cGreen Car\u2026 The Future!!!\u201d; IC Visconti Ogliastro di Rutino (SA), Campania. Paolo Coscia, con la \u201crealizzazione di un modello fotovoltaico\u201d; ICS Aldo Moro di Canegrate (MI), Lombardia. Giovanna Lo Presti, con un \u201cmodello fotovoltaico\u201d; IC Cassar\u00e0 Guida di Partinico (PA), Sicilia. Giuseppa Marino, con una \u201cMostra sull\u2019Ambiente\u201d; IC Cassar\u00e0 Guida di Partinico (PA), Sicilia. Angela Randazzo, con una app per dispostivi Android \u201cApp\u2026roposito di Ambiente\u201d; IC Ruini di Sassuolo (MO), Emilia Romagna. Maria Simone, con un video della classe III B.<br \/>Il progetto ha riscontrato un grande successo in termini di partecipazione.<br \/>-foto agenziafotogramma.it \u2013<br \/>(ITALPRESS).<div id=\"div-gpt-ad-Messinaoggi.it-DSK-300x250-corpoart\" style=\"text-align:center;margin:0 auto;\"><\/div><\/p>\n<\/div>\n<div id=\"videoincontent\" style=\"clear:both\";><\/div>","protected":false},"excerpt":{"rendered":"<p>GENOVA (ITALPRESS) \u2013 Si \u00e8 chiusa la prima edizione di \u201cNext Generation ERG\u201d, il progetto di educazione ambientale sulla sostenibilit\u00e0 e le energie rinnovabili di ERG, che raccoglie l\u2019eredit\u00e0 del progetto \u201cVai col Vento\u201d. Dopo otto edizioni, infatti, \u201cVai col Vento\u201d si aggiorna ad un mondo sempre pi\u00f9 digitale, pi\u00f9 smart, pi\u00f9 connesso, in cui [&hellip;]<\/p>\n","protected":false},"author":18,"featured_media":110917,"comment_status":"closed","ping_status":"closed","sticky":false,"template":"","format":"standard","meta":{"ub_ctt_via":"","_mi_skip_tracking":false},"categories":[2449],"tags":[783],"featured_image_src":"https:\/\/www.messinaoggi.it\/website\/wp-content\/uploads\/2022\/06\/20220612_1907.jpg","author_info":{"display_name":"Admin","author_link":"https:\/\/www.messinaoggi.it\/website\/author\/admin\/"},"digistream_id":0,"digistream":false,"_links":{"self":[{"href":"https:\/\/www.messinaoggi.it\/website\/wp-json\/wp\/v2\/posts\/110916"}],"collection":[{"href":"https:\/\/www.messinaoggi.it\/website\/wp-json\/wp\/v2\/posts"}],"about":[{"href":"https:\/\/www.messinaoggi.it\/website\/wp-json\/wp\/v2\/types\/post"}],"author":[{"embeddable":true,"href":"https:\/\/www.messinaoggi.it\/website\/wp-json\/wp\/v2\/users\/18"}],"replies":[{"embeddable":true,"href":"https:\/\/www.messinaoggi.it\/website\/wp-json\/wp\/v2\/comments?post=110916"}],"version-history":[{"count":0,"href":"https:\/\/www.messinaoggi.it\/website\/wp-json\/wp\/v2\/posts\/110916\/revisions"}],"wp:featuredmedia":[{"embeddable":true,"href":"https:\/\/www.messinaoggi.it\/website\/wp-json\/wp\/v2\/media\/110917"}],"wp:attachment":[{"href":"https:\/\/www.messinaoggi.it\/website\/wp-json\/wp\/v2\/media?parent=110916"}],"wp:term":[{"taxonomy":"category","embeddable":true,"href":"https:\/\/www.messinaoggi.it\/website\/wp-json\/wp\/v2\/categories?post=110916"},{"taxonomy":"post_tag","embeddable":true,"href":"https:\/\/www.messinaoggi.it\/website\/wp-json\/wp\/v2\/tags?post=110916"}],"curies":[{"name":"wp","href":"https:\/\/api.w.org\/{rel}","templated":true}]}}