{"id":110745,"date":"2022-06-10T16:02:59","date_gmt":"2022-06-10T14:02:59","guid":{"rendered":"https:\/\/www.messinaoggi.it\/website\/2022\/06\/10\/in-sicilia-tutti-a-scuola-il-19-settembre\/"},"modified":"2022-06-10T16:02:59","modified_gmt":"2022-06-10T14:02:59","slug":"in-sicilia-tutti-a-scuola-il-19-settembre","status":"publish","type":"post","link":"https:\/\/www.messinaoggi.it\/website\/2022\/06\/10\/in-sicilia-tutti-a-scuola-il-19-settembre\/","title":{"rendered":"In Sicilia tutti a scuola il 19 settembre"},"content":{"rendered":"<div>\n<p>PALERMO (ITALPRESS) \u2013 \u201cIn Sicilia il nuovo anno scolastico inizier\u00e0 luned\u00ec 19 settembre e si concluder\u00e0 sabato 10 giugno 2023, per un totale di 204 giorni di scuola\u201d. Lo annuncia il neo assessore regionale all\u2019Istruzione Alessandro Aric\u00f2, che stamattina, come primo atto del suo mandato, ha firmato il decreto predisposto dal competente dipartimento. \u201cMi sembra doveroso, oggi che \u00e8 l\u2019ultimo giorno di scuola \u2013 aggiunge l\u2019esponente del governo Musumeci \u2013 comunicare ai presidi delle istituzioni dell\u2019Isola e alle famiglie il nuovo calendario scolastico. Nella scelta delle date abbiamo valutato le peculiarit\u00e0 della Sicilia e le sue condizioni climatiche. Negli ultimi anni infatti \u2013 continua Aric\u00f2 \u2013 l\u2019anno scolastico \u00e8 partito tra il 12 e il 14 settembre, totalizzando circa 207 giorni di scuola. Quest\u2019anno abbiamo voluto posticipare l\u2019inizio, visto che la Sicilia a settembre \u00e8 ancora in piena stagione estiva, anche per favorire le famiglie che volessero con i propri ragazzi sfruttare qualche momento in pi\u00f9 di serenit\u00e0 e condivisione prima dell\u2019inizio dell\u2019anno scolastico che solitamente coincide con la fine della pausa estiva e la ripresa delle attivit\u00e0 lavorative\u201d. Tra le regioni che hanno gi\u00e0 fissato il calendario scolastico, a iniziare il 19 settembre \u00e8 anche la Valle d\u2019Aosta. \u201cNel giorno in cui suona la campanella l\u2019ultima volta per quest\u2019anno \u2013 conclude Aric\u00f2 \u2013 mi fa piacere ringraziare gli insegnanti, il personale amministrativo e tutti i collaboratori per il lavoro svolto, ma anche i genitori e gli alunni ai quali auguro un periodo di riposo e di condivisione in famiglia e con gli affetti pi\u00f9 cari\u201d. L\u2019attivit\u00e0 scolastica, nelle scuole di ogni ordine e grado, \u00e8 sospesa per le vacanze di Natale dal 23 dicembre 2022 al 7 gennaio 2023, e in quelle di Pasqua dal 6 aprile 2023 al 11 aprile 2023. In Sicilia, nello scorso quinquennio, l\u2019anno scolastico \u00e8 sempre iniziato tra il 12 e il 14 settembre, eccezion fatta per il 2021 quando la prima campanella \u00e8 suonata, invece, il 16 settembre.<br \/>(ITALPRESS).<div id=\"div-gpt-ad-Messinaoggi.it-DSK-300x250-corpoart\" style=\"text-align:center;margin:0 auto;\"><\/div><\/p>\n<p>\u2013 foto agenziafotogramma.it \u2013<div id=\"videoincontent\" style=\"clear:both\";><\/div><\/p>\n<\/div>\n","protected":false},"excerpt":{"rendered":"<p>PALERMO (ITALPRESS) \u2013 \u201cIn Sicilia il nuovo anno scolastico inizier\u00e0 luned\u00ec 19 settembre e si concluder\u00e0 sabato 10 giugno 2023, per un totale di 204 giorni di scuola\u201d. Lo annuncia il neo assessore regionale all\u2019Istruzione Alessandro Aric\u00f2, che stamattina, come primo atto del suo mandato, ha firmato il decreto predisposto dal competente dipartimento. \u201cMi sembra [&hellip;]<\/p>\n","protected":false},"author":18,"featured_media":110746,"comment_status":"closed","ping_status":"closed","sticky":false,"template":"","format":"standard","meta":{"ub_ctt_via":"","_mi_skip_tracking":false},"categories":[2449],"tags":[783],"featured_image_src":"https:\/\/www.messinaoggi.it\/website\/wp-content\/uploads\/2022\/06\/20220610_1580.jpg","author_info":{"display_name":"Admin","author_link":"https:\/\/www.messinaoggi.it\/website\/author\/admin\/"},"digistream_id":0,"digistream":false,"_links":{"self":[{"href":"https:\/\/www.messinaoggi.it\/website\/wp-json\/wp\/v2\/posts\/110745"}],"collection":[{"href":"https:\/\/www.messinaoggi.it\/website\/wp-json\/wp\/v2\/posts"}],"about":[{"href":"https:\/\/www.messinaoggi.it\/website\/wp-json\/wp\/v2\/types\/post"}],"author":[{"embeddable":true,"href":"https:\/\/www.messinaoggi.it\/website\/wp-json\/wp\/v2\/users\/18"}],"replies":[{"embeddable":true,"href":"https:\/\/www.messinaoggi.it\/website\/wp-json\/wp\/v2\/comments?post=110745"}],"version-history":[{"count":0,"href":"https:\/\/www.messinaoggi.it\/website\/wp-json\/wp\/v2\/posts\/110745\/revisions"}],"wp:featuredmedia":[{"embeddable":true,"href":"https:\/\/www.messinaoggi.it\/website\/wp-json\/wp\/v2\/media\/110746"}],"wp:attachment":[{"href":"https:\/\/www.messinaoggi.it\/website\/wp-json\/wp\/v2\/media?parent=110745"}],"wp:term":[{"taxonomy":"category","embeddable":true,"href":"https:\/\/www.messinaoggi.it\/website\/wp-json\/wp\/v2\/categories?post=110745"},{"taxonomy":"post_tag","embeddable":true,"href":"https:\/\/www.messinaoggi.it\/website\/wp-json\/wp\/v2\/tags?post=110745"}],"curies":[{"name":"wp","href":"https:\/\/api.w.org\/{rel}","templated":true}]}}