{"id":110694,"date":"2022-06-09T21:52:30","date_gmt":"2022-06-09T19:52:30","guid":{"rendered":"http:\/\/www.messinaoggi.it\/website\/?p=110694"},"modified":"2022-06-09T21:52:31","modified_gmt":"2022-06-09T19:52:31","slug":"calcio-a-5-pgs-luce-riparte-dalla-conferma-del-tecnico-sergio-carnazza","status":"publish","type":"post","link":"https:\/\/www.messinaoggi.it\/website\/2022\/06\/09\/calcio-a-5-pgs-luce-riparte-dalla-conferma-del-tecnico-sergio-carnazza\/","title":{"rendered":"CALCIO A 5 -Pgs Luce riparte dalla conferma del tecnico Sergio Carnazza"},"content":{"rendered":"\n<p>La Pgs Luce Messina riparte da un\u2019importante conferma. Il tecnico Sergio Carnazza sieder\u00e0 sulla panchina biancazzurra anche nell\u2019annata agonistica 2022-23, che vedr\u00e0 il club dello Stretto disputare, per la terza stagione di fila, il campionato nazionale di serie B di calcio a 5, dopo essersi classificato al quarto posto nella passata regular season con le prestigiose qualificazioni ai playoff e alle semifinali del girone H di Coppa Italia.<div id=\"div-gpt-ad-Messinaoggi.it-DSK-300x250-corpoart\" style=\"text-align:center;margin:0 auto;\"><\/div><\/p>\n\n\n\n<p><em>\u201cIl progetto della Pgs Luce Messina \u00e8 ambizioso e mi ha fatto piacere percepire la totale fiducia che il presidente Fabrizio Caratozzolo e la dirigenza ripongono in me \u2013<\/em> Carnazza commenta, cos\u00ec, l\u2019accordo con la societ\u00e0 peloritana \u2013 <em>sono bastati pochi minuti per confrontare le idee e dare continuit\u00e0 al rapporto di collaborazione. Nello scorso torneo, siamo andati oltre gli obiettivi estivi, che prevedevano una tranquilla salvezza, togliendoci belle soddisfazioni. Penso ci siano le premesse e la volont\u00e0 per fare bene, anche se sar\u00e0 difficile ripeterci a certi livelli e migliorarci, ma ci proveremo\u201d.<\/em><div id=\"videoincontent\" style=\"clear:both\";><\/div><\/p>\n\n\n\n<figure class=\"wp-block-image size-large\"><img loading=\"lazy\" width=\"1024\" height=\"682\" src=\"https:\/\/www.messinaoggi.it\/website\/wp-content\/uploads\/2022\/06\/Il-tecnico-Sergio-Carnazza-PGS-LUCE-MESSINA-1--1024x682.jpeg\" alt=\"\" class=\"wp-image-110697\" srcset=\"https:\/\/www.messinaoggi.it\/website\/wp-content\/uploads\/2022\/06\/Il-tecnico-Sergio-Carnazza-PGS-LUCE-MESSINA-1--1024x682.jpeg 1024w, https:\/\/www.messinaoggi.it\/website\/wp-content\/uploads\/2022\/06\/Il-tecnico-Sergio-Carnazza-PGS-LUCE-MESSINA-1--300x200.jpeg 300w, https:\/\/www.messinaoggi.it\/website\/wp-content\/uploads\/2022\/06\/Il-tecnico-Sergio-Carnazza-PGS-LUCE-MESSINA-1--768x512.jpeg 768w, https:\/\/www.messinaoggi.it\/website\/wp-content\/uploads\/2022\/06\/Il-tecnico-Sergio-Carnazza-PGS-LUCE-MESSINA-1--1536x1023.jpeg 1536w, https:\/\/www.messinaoggi.it\/website\/wp-content\/uploads\/2022\/06\/Il-tecnico-Sergio-Carnazza-PGS-LUCE-MESSINA-1-.jpeg 1600w\" sizes=\"(max-width: 1024px) 100vw, 1024px\" \/><figcaption><em><strong>Il tecnico della Pgs Luce, Sergio Carnazza<\/strong><\/em><\/figcaption><\/figure>\n\n\n\n<p>Potrete contare sul \u201cfattore campo\u201d della rinnovata palestra di Montepiselli. <em>\u201cAvere un impianto a disposizione rappresenter\u00e0 sicuramente un grande vantaggio, basta pensare che finiremo di allenarci su una superficie diversa da quelle delle partite ufficiali, com\u2019\u00e8 avvenuto negli scorsi mesi. Disporre di una struttura ammodernata servir\u00e0, inoltre, da forte richiamo per i giovani, che dovranno essere, sempre pi\u00f9, il nostro punto di forza. La crescita dell\u2019Under 19 e l\u2019inserimento di molti elementi nell\u2019organico della prima squadra ha tracciato una via da percorrere con convinzione\u201d.<\/em>       <\/p>\n","protected":false},"excerpt":{"rendered":"<p>La Pgs Luce Messina riparte da un\u2019importante conferma. Il tecnico Sergio Carnazza sieder\u00e0 sulla panchina biancazzurra anche nell\u2019annata agonistica 2022-23, che vedr\u00e0 il club dello Stretto disputare, per la terza stagione di fila, il campionato nazionale di serie B di calcio a 5, dopo essersi classificato al quarto posto nella passata regular season con le [&hellip;]<\/p>\n","protected":false},"author":17,"featured_media":110698,"comment_status":"open","ping_status":"open","sticky":false,"template":"","format":"standard","meta":{"ub_ctt_via":"","_mi_skip_tracking":false},"categories":[8,9],"tags":[4631,4630],"featured_image_src":"https:\/\/www.messinaoggi.it\/website\/wp-content\/uploads\/2022\/06\/Il-presidente-Fabrizio-Caratozzolo-con-il-tecnico-Sergio-Carnazza-PGS-LUCE-MESSINA.jpg","author_info":{"display_name":"Giuseppe Luppino","author_link":"https:\/\/www.messinaoggi.it\/website\/author\/g-luppino\/"},"digistream_id":0,"digistream":false,"_links":{"self":[{"href":"https:\/\/www.messinaoggi.it\/website\/wp-json\/wp\/v2\/posts\/110694"}],"collection":[{"href":"https:\/\/www.messinaoggi.it\/website\/wp-json\/wp\/v2\/posts"}],"about":[{"href":"https:\/\/www.messinaoggi.it\/website\/wp-json\/wp\/v2\/types\/post"}],"author":[{"embeddable":true,"href":"https:\/\/www.messinaoggi.it\/website\/wp-json\/wp\/v2\/users\/17"}],"replies":[{"embeddable":true,"href":"https:\/\/www.messinaoggi.it\/website\/wp-json\/wp\/v2\/comments?post=110694"}],"version-history":[{"count":1,"href":"https:\/\/www.messinaoggi.it\/website\/wp-json\/wp\/v2\/posts\/110694\/revisions"}],"predecessor-version":[{"id":110699,"href":"https:\/\/www.messinaoggi.it\/website\/wp-json\/wp\/v2\/posts\/110694\/revisions\/110699"}],"wp:featuredmedia":[{"embeddable":true,"href":"https:\/\/www.messinaoggi.it\/website\/wp-json\/wp\/v2\/media\/110698"}],"wp:attachment":[{"href":"https:\/\/www.messinaoggi.it\/website\/wp-json\/wp\/v2\/media?parent=110694"}],"wp:term":[{"taxonomy":"category","embeddable":true,"href":"https:\/\/www.messinaoggi.it\/website\/wp-json\/wp\/v2\/categories?post=110694"},{"taxonomy":"post_tag","embeddable":true,"href":"https:\/\/www.messinaoggi.it\/website\/wp-json\/wp\/v2\/tags?post=110694"}],"curies":[{"name":"wp","href":"https:\/\/api.w.org\/{rel}","templated":true}]}}