{"id":110584,"date":"2022-06-09T12:17:36","date_gmt":"2022-06-09T10:17:36","guid":{"rendered":"https:\/\/www.messinaoggi.it\/website\/2022\/06\/09\/comitato-si-ai-referendum-chiude-campagna-a-palermo-no-astensione\/"},"modified":"2022-06-09T12:17:36","modified_gmt":"2022-06-09T10:17:36","slug":"comitato-si-ai-referendum-chiude-campagna-a-palermo-no-astensione","status":"publish","type":"post","link":"https:\/\/www.messinaoggi.it\/website\/2022\/06\/09\/comitato-si-ai-referendum-chiude-campagna-a-palermo-no-astensione\/","title":{"rendered":"Comitato S\u00ec ai Referendum chiude campagna a Palermo, \u201cNo astensione\u201d"},"content":{"rendered":"<div>\n<p>PALERMO (ITALPRESS) \u2013 Il \u201cComitato S\u00ec per la libert\u00e0, S\u00ec per la giustizia\u201d, guidato dal professore Carlo Nordio, chiude a Palermo la campagna referendaria in vista del Referendum abrogativo del 12 giugno su cinque quesiti afferenti al tema della giustizia italiana e in una conferenza stampa alla presenza delle forze politiche che sostengono il S\u00ec, \u00e8 stato fatto il punto della situazione a quattro giorni dalla chiamata alle urne che per nove milioni, e tra questi anche i cittadini del capoluogo siciliano, coincide anche con le elezioni Comunali. Riconoscendo che il quorum \u00e8 di difficile raggiungimento e puntando il dito contro la stampa e gli organi di informazione \u2013 in particolare il servizio pubblico \u2013 il vicepresidente del Comitato, Bartolomeo Romano, ha ripercorso la storia di questo referendum che giunge al giudizio dei votanti monco di tre quesiti, quelli relativi alla responsabilit\u00e0 civile dei magistrati, alla legalizzazione della cannabis e all\u2019eutanasia: \u201cE\u2019 stato un percorso faticoso, \u00e8 a tutti noto come la Corte Costituzionale abbia inciso in modo molto severo sui quesiti referendari, eliminando pe valutazione politica orientata i tre pi\u00f9 appetibili. E\u2019 comunque una conferenza di chiusura carica di speranze e aspettative \u2013 ha sottolineato Romano \u2013 Mattarella ha gi\u00e0 espresso le sue preoccupazioni sulla situazione della giustizia italiana, parole per\u00f2 non recepite del tutto dalle forze parlamentari, perch\u00e8 la riforma Cartabia non \u00e8 ancora stata approvata ed \u00e8 comunque tiepida e limitata\u201d.<br \/>\u201cDobbiamo proteggere la giustizia, ma non possiamo lasciarla nella situazione attuale. Non va bene alla gran parte delle forze politiche e nemmeno ai cittadini ai quali spetta l\u2019ultima parola. Cinque quesiti \u2013 ha concluso \u2013 per i quali auspichiamo cinque s\u00ec, tuttavia ogni singolo quesito referendario merita una riflessione autonoma e anche un voto che potrebbe non essere per cinque s\u00ec\u201d. Romano \u00e8 poi sceso nei dettagli dei cinque quesiti referendari, che spaziano dalla cancellazione dell\u2019automatica incandidabilit\u00e0 per i politici condannati in primo grado, l\u2019eliminazione della reiterazione del reato dalle motivazioni per disporre misure cautelari, fino alla separazione delle carriere di Pm e giudice, quindi hanno preso la parola i rappresentanti delle forze politiche schierate a favore del s\u00ec. \u201cRivendicare il diritto di non fare raggiungere il quorum da parte della sinistra \u00e8 specioso, non \u00e8 possibile rivendicare i diritti a targhe alterne \u2013 ha attaccato Donatella Corleo del Partito Radicale \u2013 E\u2019 giusto votare s\u00ec, ma \u00e8 importante che ci sia una percentuale alta, se proprio non dovesse essere raggiunto il quorum\u201d. <br \/>Le fa eco il vicepresidente della Regione Siciliana, Gaetano Armao, per Forza Italia: \u201cGravissimo che alcuni politici, implicitamente o esplicitamente, abbiamo esortato a disertare le urne. Invitare a disattendere questo importante appuntamento \u00e8 la contraddizione della politica e certi politici dovrebbero vergognarsi di sollecitare il mancato raggiungimento del quorum\u201d. Per Francesco Scoma della Lega alcune difficolt\u00e0 legate a questo referendum sorgono dall\u2019obbligo di mascherine per il voto (\u201cSu nostra pressione abbiamo cercato di far capire che il problema delle mascherine andava affrontato in maniera serena, non poteva essere un obbligo per gli elettori\u201d), mentre per Filippo Tripoli, sindaco di Bagheria in quota Italia Viva, al di l\u00e0 del raggiungimento del quorum votare sar\u00e0 essenziale per dare un indirizzo al Governo: \u201cNon so se si raggiunger\u00e0 il quorum, ma si deve andare a votare. E gli effetti del referendum saranno da pungolo per il Parlamento\u201d. <br \/>Giusi Bartolozzi del Gruppo Misto ha proposto ulteriori motivazioni per cui votare s\u00ec, in particolare le elezioni politiche distanti soltanto un anno che potrebbero portare a un Governo schierato a sfavore della legge delega Cartabia: \u201cIl PD \u00e8 spaccato sui quesiti, il Movimento 5 Stelle dice di non votare e in molteplici occasioni ha ritenuto i referendum inutili e strumentali. Non \u00e8 vero che la legge delega Cartabia, ove anche approvata, avrebbe assorbito i quesiti referendari, si dovranno comunque aspettare due anni per i decreti attuativi, con un Governo che non si sa quale sar\u00e0. Il prossimo Governo \u2013 ha spiegato \u2013 potrebbe non tenere conto della legge delega, \u00e8 importante che si vada a votare perch\u00e8 col s\u00ec possiamo dare un segnale preciso a questo Parlamento\u201d. Presente anche Carolina Varchi, parlamentare di Fratelli d\u2019Italia, partito che pur essendosi speso a favore del referendum, voter\u00e0 no ai primi due quesiti e s\u00ec soltanto agli altri tre: \u201cSu questo referendum \u00e8 calato un silenzio che non fa bene e che ritengo preoccupante. Abbiamo contribuito attivamente all\u2019enorme sforzo per la campagna referendaria, per\u00f2 con grande libert\u00e0 e chiarezza abbiamo fin dall\u2019inizio spiegato che su due dei quesiti voteremo no, perch\u00e8 siamo convinti che, pur essendo consapevoli che ci siano delle storture, servano delle iniziative di carattere legislativo\u201d. <div id=\"div-gpt-ad-Messinaoggi.it-DSK-300x250-corpoart\" style=\"text-align:center;margin:0 auto;\"><\/div><\/p>\n<p>\u2013 foto: xd7 <div id=\"videoincontent\" style=\"clear:both\";><\/div><\/p>\n<p>(ITALPRESS).<\/p>\n<\/div>\n","protected":false},"excerpt":{"rendered":"<p>PALERMO (ITALPRESS) \u2013 Il \u201cComitato S\u00ec per la libert\u00e0, S\u00ec per la giustizia\u201d, guidato dal professore Carlo Nordio, chiude a Palermo la campagna referendaria in vista del Referendum abrogativo del 12 giugno su cinque quesiti afferenti al tema della giustizia italiana e in una conferenza stampa alla presenza delle forze politiche che sostengono il S\u00ec, [&hellip;]<\/p>\n","protected":false},"author":18,"featured_media":110585,"comment_status":"closed","ping_status":"closed","sticky":false,"template":"","format":"standard","meta":{"ub_ctt_via":"","_mi_skip_tracking":false},"categories":[2449],"tags":[783],"featured_image_src":"https:\/\/www.messinaoggi.it\/website\/wp-content\/uploads\/2022\/06\/20220609_0376.jpg","author_info":{"display_name":"Admin","author_link":"https:\/\/www.messinaoggi.it\/website\/author\/admin\/"},"digistream_id":0,"digistream":false,"_links":{"self":[{"href":"https:\/\/www.messinaoggi.it\/website\/wp-json\/wp\/v2\/posts\/110584"}],"collection":[{"href":"https:\/\/www.messinaoggi.it\/website\/wp-json\/wp\/v2\/posts"}],"about":[{"href":"https:\/\/www.messinaoggi.it\/website\/wp-json\/wp\/v2\/types\/post"}],"author":[{"embeddable":true,"href":"https:\/\/www.messinaoggi.it\/website\/wp-json\/wp\/v2\/users\/18"}],"replies":[{"embeddable":true,"href":"https:\/\/www.messinaoggi.it\/website\/wp-json\/wp\/v2\/comments?post=110584"}],"version-history":[{"count":0,"href":"https:\/\/www.messinaoggi.it\/website\/wp-json\/wp\/v2\/posts\/110584\/revisions"}],"wp:featuredmedia":[{"embeddable":true,"href":"https:\/\/www.messinaoggi.it\/website\/wp-json\/wp\/v2\/media\/110585"}],"wp:attachment":[{"href":"https:\/\/www.messinaoggi.it\/website\/wp-json\/wp\/v2\/media?parent=110584"}],"wp:term":[{"taxonomy":"category","embeddable":true,"href":"https:\/\/www.messinaoggi.it\/website\/wp-json\/wp\/v2\/categories?post=110584"},{"taxonomy":"post_tag","embeddable":true,"href":"https:\/\/www.messinaoggi.it\/website\/wp-json\/wp\/v2\/tags?post=110584"}],"curies":[{"name":"wp","href":"https:\/\/api.w.org\/{rel}","templated":true}]}}