{"id":110468,"date":"2022-06-08T12:07:33","date_gmt":"2022-06-08T10:07:33","guid":{"rendered":"https:\/\/www.messinaoggi.it\/website\/2022\/06\/08\/pnrr-draghi-piano-parte-dal-basso-protagoniste-le-regioni\/"},"modified":"2022-06-08T12:07:33","modified_gmt":"2022-06-08T10:07:33","slug":"pnrr-draghi-piano-parte-dal-basso-protagoniste-le-regioni","status":"publish","type":"post","link":"https:\/\/www.messinaoggi.it\/website\/2022\/06\/08\/pnrr-draghi-piano-parte-dal-basso-protagoniste-le-regioni\/","title":{"rendered":"Pnrr, Draghi \u201cPiano parte dal basso, protagoniste le regioni\u201d"},"content":{"rendered":"<div>ROMA (ITALPRESS) &#8211; &#8220;Gli accordi di oggi sono un passaggio importante nell&#8217;attuazione del Piano Nazionale di Ripresa e Resilienza. La scelta di&#8221; sottoscriverli &#8220;a Palazzo Chigi \u00e8 un segno dell&#8217;importanza che il Governo d\u00e0 alle Regioni e agli altri enti territoriali nell&#8217;attuazione del Pnrr. Il Pnrr \u00e8 un piano che parte dal basso e che ha bisogno del vostro contributo &#8211; e di quello dei vostri colleghi &#8211; per avere successo. Tocca a voi progettare interventi di rilevanza strategica per lo sviluppo dei vostri territori. Siete i protagonisti del Piano, e il Governo vuole sostenervi&#8221;. Lo ha detto il presidente del Consiglio, Mario Draghi, nel corso della cerimonia di firma dei primi Protocolli di Intesa con 6 Regioni per l&#8217;avvio dei &#8216;Progetti bandier\u00e0 del Pnrr. <br \/>&#8220;I protocolli che firmiamo oggi riguardano due progetti di grande interesse territoriale e nazionale. Entrambi mettono a sistema diversi interventi previsti dal PNRR grazie alla capacit\u00e0 di selezione e progettazione territoriale promossa dalle Regioni. Il progetto proposto dalla Regione Liguria &#8211; ha spiegato &#8211; serve a realizzare un &#8216;Centro di Medicina Computazionale e Tecnologic\u00e0. Unisce infrastrutture scientifiche, tecnologiche e cliniche in modi innovativi e ha l&#8217;ambizione di diventare un punto di riferimento nel settore. Il progetto delle regioni Piemonte, Friuli-Venezia-Giulia, Umbria, Basilicata e Puglia punta a realizzare siti di produzione di idrogeno verde in aree industriali dismesse. Contribuisce a stimolare la crescita, a creare occupazione. Ci avvicina ai nostri obiettivi energetici e climatici, che il Governo \u00e8 determinato a mantenere e anzi a perseguire con sempre maggiore convinzione. I &#8216;progetti bandier\u00e0 intendono premiare le capacit\u00e0 creative degli enti territoriali, rafforzare la coesione sociale e territoriale. Quelli di oggi sono soltanto i primi, a cui ne seguiranno altri&#8221;, ha assicurato Draghi. <br \/>Alla cerimonia erano presenti i ministri per gli Affari Regionali, Mariastella Gelmini; dell&#8217;Universit\u00e0 e della Ricerca, Maria Cristina Messa; della Salute, Roberto Speranza; della Transizione Ecologica, Roberto Cingolani; il sottosegretario Roberto Garofoli, il Presidente del Friuli Venezia Giulia, Massimiliano Fedriga; della Liguria, Giovanni Toti; del Piemonte, Alberto Cirio; dell&#8217;Umbria, Donatella Tesei; della Puglia, Michele Emiliano, e della Basilicata, Vito Bardi.<br \/>-foto agenziafotogramma.it-<br \/>(ITALPRESS).<\/div>\n<div id=\"div-gpt-ad-Messinaoggi.it-DSK-300x250-corpoart\" style=\"text-align:center;margin:0 auto;\"><\/div><\/p><div id=\"videoincontent\" style=\"clear:both\";><\/div>","protected":false},"excerpt":{"rendered":"<p>ROMA (ITALPRESS) &#8211; &#8220;Gli accordi di oggi sono un passaggio importante nell&#8217;attuazione del Piano Nazionale di Ripresa e Resilienza. La scelta di&#8221; sottoscriverli &#8220;a Palazzo Chigi \u00e8 un segno dell&#8217;importanza che il Governo d\u00e0 alle Regioni e agli altri enti territoriali nell&#8217;attuazione del Pnrr. Il Pnrr \u00e8 un piano che parte dal basso e che [&hellip;]<\/p>\n","protected":false},"author":18,"featured_media":110469,"comment_status":"closed","ping_status":"closed","sticky":false,"template":"","format":"standard","meta":{"ub_ctt_via":"","_mi_skip_tracking":false},"categories":[446],"tags":[783],"featured_image_src":"https:\/\/www.messinaoggi.it\/website\/wp-content\/uploads\/2022\/06\/20220608_0307.jpg","author_info":{"display_name":"Admin","author_link":"https:\/\/www.messinaoggi.it\/website\/author\/admin\/"},"digistream_id":0,"digistream":false,"_links":{"self":[{"href":"https:\/\/www.messinaoggi.it\/website\/wp-json\/wp\/v2\/posts\/110468"}],"collection":[{"href":"https:\/\/www.messinaoggi.it\/website\/wp-json\/wp\/v2\/posts"}],"about":[{"href":"https:\/\/www.messinaoggi.it\/website\/wp-json\/wp\/v2\/types\/post"}],"author":[{"embeddable":true,"href":"https:\/\/www.messinaoggi.it\/website\/wp-json\/wp\/v2\/users\/18"}],"replies":[{"embeddable":true,"href":"https:\/\/www.messinaoggi.it\/website\/wp-json\/wp\/v2\/comments?post=110468"}],"version-history":[{"count":0,"href":"https:\/\/www.messinaoggi.it\/website\/wp-json\/wp\/v2\/posts\/110468\/revisions"}],"wp:featuredmedia":[{"embeddable":true,"href":"https:\/\/www.messinaoggi.it\/website\/wp-json\/wp\/v2\/media\/110469"}],"wp:attachment":[{"href":"https:\/\/www.messinaoggi.it\/website\/wp-json\/wp\/v2\/media?parent=110468"}],"wp:term":[{"taxonomy":"category","embeddable":true,"href":"https:\/\/www.messinaoggi.it\/website\/wp-json\/wp\/v2\/categories?post=110468"},{"taxonomy":"post_tag","embeddable":true,"href":"https:\/\/www.messinaoggi.it\/website\/wp-json\/wp\/v2\/tags?post=110468"}],"curies":[{"name":"wp","href":"https:\/\/api.w.org\/{rel}","templated":true}]}}