{"id":110462,"date":"2022-06-08T10:07:35","date_gmt":"2022-06-08T08:07:35","guid":{"rendered":"https:\/\/www.messinaoggi.it\/website\/2022\/06\/08\/a-milano-bicocca-incontro-su-giustizia-e-media-con-mentana-e-salvi\/"},"modified":"2022-06-08T10:07:35","modified_gmt":"2022-06-08T08:07:35","slug":"a-milano-bicocca-incontro-su-giustizia-e-media-con-mentana-e-salvi","status":"publish","type":"post","link":"https:\/\/www.messinaoggi.it\/website\/2022\/06\/08\/a-milano-bicocca-incontro-su-giustizia-e-media-con-mentana-e-salvi\/","title":{"rendered":"A Milano-Bicocca incontro su \u201cGiustizia e media\u201d con Mentana e Salvi"},"content":{"rendered":"<div>ROMA (ITALPRESS) &#8211; E&#8217; dedicato al rapporto tra giustizia e mondo dell&#8217;informazione il nuovo incontro organizzato dal Corso di dottorato in Scienze giuridiche dell&#8217;Universit\u00e0 di Milano-Bicocca insieme con L.E.I. &#8211; Laboratorio di Ecologia dell&#8217;Informazione. Venerd\u00ec 10 giugno, alle ore 14.30, si terr\u00e0 nella sala lauree del Dipartimento di Giurisprudenza (ed. U6-II piano) un incontro sul tema &#8220;Giustizia e media&#8221;. All&#8217;iniziativa prenderanno parte Glauco Giostra, ordinario di Procedura penale all&#8217;Universit\u00e0 &#8220;La Sapienza&#8221; di Roma, il direttore del Tg La7 Enrico Mentana, il direttore di &#8220;Questione Giustizia&#8221; ed ex magistrato Nello Rossi e il procuratore generale della Corte di Cassazione Giovanni Salvi. I lavori saranno introdotti da Loredana Garlati, ordinario di Storia del Diritto medievale e moderno dell&#8217;Universit\u00e0 di Milano-Bicocca, e moderati da Giulio Enea Vigevani, ordinario di Diritto costituzionale, Universit\u00e0 di Milano-Bicocca e componente del comitato scientifico del progetto L.E.I.. <br \/>Il progetto del Laboratorio di Ecologia dell&#8217;Informazione dell&#8217;Universit\u00e0 di Milano-Bicocca prevede workshop destinati a studenti, dottorandi e giornalisti ed eventi aperti anche alla cittadinanza con personalit\u00e0 del mondo della cultura, professionisti dell&#8217;informazione e della comunicazione, ricercatori e divulgatori delle scienze, esperti di economia e geopolitica. L&#8217;evento in programma il 10 giugno sar\u00e0 un momento di confronto alla ricerca di un punto di equilibrio tra le esigenze di pubblica informazione, riservatezza delle attivit\u00e0 d&#8217;inchiesta e diritti dei cittadini sottoposti ad indagine. <br \/>I giornalisti interessati a partecipare possono richiedere l&#8217;accredito inviando, entro le ore 16 di mercoled\u00ec 8 giugno, una e-mail a: ufficio.stampa@unimib.it. In ragione del limitato numero di posti e delle restrizioni Covid sono disponibili solo 15 accessi in presenza.<br \/>Sar\u00e0 possibile seguire l&#8217;evento in streaming collegandosi a questo link: https:\/\/unimib.webex.com\/wbxmjs\/joinservice\/sites\/unimib-it\/meeting\/download\/3c6834a73fa8248f53ad1d5a69de5bba?siteurl=unimib-it&amp;MTID=mb2ef7b06699d475f38c6e1b548b28f47<div id=\"div-gpt-ad-Messinaoggi.it-DSK-300x250-corpoart\" style=\"text-align:center;margin:0 auto;\"><\/div><\/p>\n<p>&#8211; foto agenziafotogramma.it &#8211;<div id=\"videoincontent\" style=\"clear:both\";><\/div><\/p>\n<p>(ITALPRESS).<\/p><\/div>\n","protected":false},"excerpt":{"rendered":"<p>ROMA (ITALPRESS) &#8211; E&#8217; dedicato al rapporto tra giustizia e mondo dell&#8217;informazione il nuovo incontro organizzato dal Corso di dottorato in Scienze giuridiche dell&#8217;Universit\u00e0 di Milano-Bicocca insieme con L.E.I. &#8211; Laboratorio di Ecologia dell&#8217;Informazione. Venerd\u00ec 10 giugno, alle ore 14.30, si terr\u00e0 nella sala lauree del Dipartimento di Giurisprudenza (ed. U6-II piano) un incontro sul [&hellip;]<\/p>\n","protected":false},"author":18,"featured_media":110463,"comment_status":"closed","ping_status":"closed","sticky":false,"template":"","format":"standard","meta":{"ub_ctt_via":"","_mi_skip_tracking":false},"categories":[446],"tags":[783],"featured_image_src":"https:\/\/www.messinaoggi.it\/website\/wp-content\/uploads\/2022\/06\/20220608_0104.jpg","author_info":{"display_name":"Admin","author_link":"https:\/\/www.messinaoggi.it\/website\/author\/admin\/"},"digistream_id":0,"digistream":false,"_links":{"self":[{"href":"https:\/\/www.messinaoggi.it\/website\/wp-json\/wp\/v2\/posts\/110462"}],"collection":[{"href":"https:\/\/www.messinaoggi.it\/website\/wp-json\/wp\/v2\/posts"}],"about":[{"href":"https:\/\/www.messinaoggi.it\/website\/wp-json\/wp\/v2\/types\/post"}],"author":[{"embeddable":true,"href":"https:\/\/www.messinaoggi.it\/website\/wp-json\/wp\/v2\/users\/18"}],"replies":[{"embeddable":true,"href":"https:\/\/www.messinaoggi.it\/website\/wp-json\/wp\/v2\/comments?post=110462"}],"version-history":[{"count":0,"href":"https:\/\/www.messinaoggi.it\/website\/wp-json\/wp\/v2\/posts\/110462\/revisions"}],"wp:featuredmedia":[{"embeddable":true,"href":"https:\/\/www.messinaoggi.it\/website\/wp-json\/wp\/v2\/media\/110463"}],"wp:attachment":[{"href":"https:\/\/www.messinaoggi.it\/website\/wp-json\/wp\/v2\/media?parent=110462"}],"wp:term":[{"taxonomy":"category","embeddable":true,"href":"https:\/\/www.messinaoggi.it\/website\/wp-json\/wp\/v2\/categories?post=110462"},{"taxonomy":"post_tag","embeddable":true,"href":"https:\/\/www.messinaoggi.it\/website\/wp-json\/wp\/v2\/tags?post=110462"}],"curies":[{"name":"wp","href":"https:\/\/api.w.org\/{rel}","templated":true}]}}