{"id":110407,"date":"2022-06-07T18:07:33","date_gmt":"2022-06-07T16:07:33","guid":{"rendered":"https:\/\/www.messinaoggi.it\/website\/2022\/06\/07\/ucraina-meloni-sanzioni-sono-efficaci-ma-serve-fondo-compensazione\/"},"modified":"2022-06-07T18:07:33","modified_gmt":"2022-06-07T16:07:33","slug":"ucraina-meloni-sanzioni-sono-efficaci-ma-serve-fondo-compensazione","status":"publish","type":"post","link":"https:\/\/www.messinaoggi.it\/website\/2022\/06\/07\/ucraina-meloni-sanzioni-sono-efficaci-ma-serve-fondo-compensazione\/","title":{"rendered":"Ucraina, Meloni \u201csanzioni sono efficaci ma serve fondo compensazione\u201d"},"content":{"rendered":"<div>&#8220;Io credo che le sanzioni rimangono lo strumento pi\u00f9 efficace del quale oggi la comunit\u00e0 internazionale dispone ma, dall&#8217;inizio, FdI continua a chiedere che il governo batta i pugni per un fondo di compensazione&#8221; che sia &#8220;finanziato dall&#8217;intero Occidente, non solo dalla Commissione Ue, per compensare le nazioni che hanno i maggiori problemi&#8221;. Lo ha detto la leader di Fratelli d&#8217;Italia Giorgia Meloni durante un punto stampa rispondendo alla cronista che le chiedeva se, secondo lei, le sanzioni alla Russia possano penalizzare il comparto del mobile. &#8220;In questa crisi &#8211; ha argomentato ancora Meloni &#8211; anche all&#8217;interno dell&#8217;alleanza occidentale, ci sar\u00e0 chi pagher\u00e0 di pi\u00f9, chi pagher\u00e0 di meno e chi ci pu\u00f2 guadagnare. Come si distribuiscono le responsabilit\u00e0 si devono distribuire anche i costi&#8221;. La misura del fondo, quindi, &#8220;pu\u00f2 aiutare sul fronte energetico&#8221;, la questione &#8220;pi\u00f9 sentita&#8221; e rispetto alla quale infatti &#8220;noi avevamo chiesto un credito di imposta pari all&#8217;aumento della bolletta&#8221;. Invece &#8220;il governo ha portato avanti misure minimali e molto meno coraggiose, ma avere maggiori risorse sicuramente potrebbe aiutare&#8221;. (ITALPRESS).<div id=\"div-gpt-ad-Messinaoggi.it-DSK-300x250-corpoart\" style=\"text-align:center;margin:0 auto;\"><\/div><\/p>\n<p>Photo credits xa1<div id=\"videoincontent\" style=\"clear:both\";><\/div><\/p><\/div>\n","protected":false},"excerpt":{"rendered":"<p>&#8220;Io credo che le sanzioni rimangono lo strumento pi\u00f9 efficace del quale oggi la comunit\u00e0 internazionale dispone ma, dall&#8217;inizio, FdI continua a chiedere che il governo batta i pugni per un fondo di compensazione&#8221; che sia &#8220;finanziato dall&#8217;intero Occidente, non solo dalla Commissione Ue, per compensare le nazioni che hanno i maggiori problemi&#8221;. Lo ha [&hellip;]<\/p>\n","protected":false},"author":18,"featured_media":110408,"comment_status":"closed","ping_status":"closed","sticky":false,"template":"","format":"standard","meta":{"ub_ctt_via":"","_mi_skip_tracking":false},"categories":[446],"tags":[783],"featured_image_src":"https:\/\/www.messinaoggi.it\/website\/wp-content\/uploads\/2022\/06\/20220607_1726.jpg","author_info":{"display_name":"Admin","author_link":"https:\/\/www.messinaoggi.it\/website\/author\/admin\/"},"digistream_id":0,"digistream":false,"_links":{"self":[{"href":"https:\/\/www.messinaoggi.it\/website\/wp-json\/wp\/v2\/posts\/110407"}],"collection":[{"href":"https:\/\/www.messinaoggi.it\/website\/wp-json\/wp\/v2\/posts"}],"about":[{"href":"https:\/\/www.messinaoggi.it\/website\/wp-json\/wp\/v2\/types\/post"}],"author":[{"embeddable":true,"href":"https:\/\/www.messinaoggi.it\/website\/wp-json\/wp\/v2\/users\/18"}],"replies":[{"embeddable":true,"href":"https:\/\/www.messinaoggi.it\/website\/wp-json\/wp\/v2\/comments?post=110407"}],"version-history":[{"count":0,"href":"https:\/\/www.messinaoggi.it\/website\/wp-json\/wp\/v2\/posts\/110407\/revisions"}],"wp:featuredmedia":[{"embeddable":true,"href":"https:\/\/www.messinaoggi.it\/website\/wp-json\/wp\/v2\/media\/110408"}],"wp:attachment":[{"href":"https:\/\/www.messinaoggi.it\/website\/wp-json\/wp\/v2\/media?parent=110407"}],"wp:term":[{"taxonomy":"category","embeddable":true,"href":"https:\/\/www.messinaoggi.it\/website\/wp-json\/wp\/v2\/categories?post=110407"},{"taxonomy":"post_tag","embeddable":true,"href":"https:\/\/www.messinaoggi.it\/website\/wp-json\/wp\/v2\/tags?post=110407"}],"curies":[{"name":"wp","href":"https:\/\/api.w.org\/{rel}","templated":true}]}}