{"id":110403,"date":"2022-06-07T17:07:33","date_gmt":"2022-06-07T15:07:33","guid":{"rendered":"https:\/\/www.messinaoggi.it\/website\/2022\/06\/07\/rdc-carfagna-finalita-non-in-discussione-ma-serve-revisione\/"},"modified":"2022-06-07T17:07:33","modified_gmt":"2022-06-07T15:07:33","slug":"rdc-carfagna-finalita-non-in-discussione-ma-serve-revisione","status":"publish","type":"post","link":"https:\/\/www.messinaoggi.it\/website\/2022\/06\/07\/rdc-carfagna-finalita-non-in-discussione-ma-serve-revisione\/","title":{"rendered":"Rdc, Carfagna \u201cFinalit\u00e0 non in discussione, ma serve revisione\u201d"},"content":{"rendered":"<div>NAPOLI (ITALPRESS) &#8211; &#8220;Bisogna riflettere su come rafforzare e migliorare il reddito di cittadinanza, uno strumento di sostegno al reddito che c&#8217;\u00e8 in tutti i paesi europei e non pu\u00f2 certo essere messo in discussione adesso in Italia dopo che due anni di pandemia hanno ampliato le sacche di povert\u00e0&#8221;. Cos\u00ec il ministro per il Sud e la Coesione Territoriale, Mara Carfagna, a margine della conferenza programmatica organizzata a Napoli da Noi con l&#8217;Italia. &#8220;Certamente &#8211; spiega &#8211; il reddito di cittadinanza non ha funzionato, ci sono stati tantissimi abusi, tante persone che lo hanno percepito che non avevano titoli e diritto, uno spreco enorme di risorse pubbliche, ma io non metterei per\u00f2 in discussione le finalit\u00e0 che con quello strumento bisogna raggiungere, e cio\u00e8 la necessit\u00e0 di sostenere chi non \u00e8 in grado di lavorare, chi non pu\u00f2 lavorare. Tutto il resto dev&#8217;essere oggetto di una profonda revisione e rivisitazione&#8221;.<br \/>-foto agenziafotogramma.it &#8211;<br \/>(ITALPRESS).<\/div>\n<div id=\"div-gpt-ad-Messinaoggi.it-DSK-300x250-corpoart\" style=\"text-align:center;margin:0 auto;\"><\/div><\/p><div id=\"videoincontent\" style=\"clear:both\";><\/div>","protected":false},"excerpt":{"rendered":"<p>NAPOLI (ITALPRESS) &#8211; &#8220;Bisogna riflettere su come rafforzare e migliorare il reddito di cittadinanza, uno strumento di sostegno al reddito che c&#8217;\u00e8 in tutti i paesi europei e non pu\u00f2 certo essere messo in discussione adesso in Italia dopo che due anni di pandemia hanno ampliato le sacche di povert\u00e0&#8221;. Cos\u00ec il ministro per il [&hellip;]<\/p>\n","protected":false},"author":18,"featured_media":110404,"comment_status":"closed","ping_status":"closed","sticky":false,"template":"","format":"standard","meta":{"ub_ctt_via":"","_mi_skip_tracking":false},"categories":[446],"tags":[783],"featured_image_src":"https:\/\/www.messinaoggi.it\/website\/wp-content\/uploads\/2022\/06\/20220607_1495.jpg","author_info":{"display_name":"Admin","author_link":"https:\/\/www.messinaoggi.it\/website\/author\/admin\/"},"digistream_id":0,"digistream":false,"_links":{"self":[{"href":"https:\/\/www.messinaoggi.it\/website\/wp-json\/wp\/v2\/posts\/110403"}],"collection":[{"href":"https:\/\/www.messinaoggi.it\/website\/wp-json\/wp\/v2\/posts"}],"about":[{"href":"https:\/\/www.messinaoggi.it\/website\/wp-json\/wp\/v2\/types\/post"}],"author":[{"embeddable":true,"href":"https:\/\/www.messinaoggi.it\/website\/wp-json\/wp\/v2\/users\/18"}],"replies":[{"embeddable":true,"href":"https:\/\/www.messinaoggi.it\/website\/wp-json\/wp\/v2\/comments?post=110403"}],"version-history":[{"count":0,"href":"https:\/\/www.messinaoggi.it\/website\/wp-json\/wp\/v2\/posts\/110403\/revisions"}],"wp:featuredmedia":[{"embeddable":true,"href":"https:\/\/www.messinaoggi.it\/website\/wp-json\/wp\/v2\/media\/110404"}],"wp:attachment":[{"href":"https:\/\/www.messinaoggi.it\/website\/wp-json\/wp\/v2\/media?parent=110403"}],"wp:term":[{"taxonomy":"category","embeddable":true,"href":"https:\/\/www.messinaoggi.it\/website\/wp-json\/wp\/v2\/categories?post=110403"},{"taxonomy":"post_tag","embeddable":true,"href":"https:\/\/www.messinaoggi.it\/website\/wp-json\/wp\/v2\/tags?post=110403"}],"curies":[{"name":"wp","href":"https:\/\/api.w.org\/{rel}","templated":true}]}}