{"id":110367,"date":"2022-06-07T12:07:37","date_gmt":"2022-06-07T10:07:37","guid":{"rendered":"https:\/\/www.messinaoggi.it\/website\/2022\/06\/07\/salvini-meloni-vuole-abolire-reddito-di-cittadinanza-io-lo-cambierei\/"},"modified":"2022-06-07T12:07:37","modified_gmt":"2022-06-07T10:07:37","slug":"salvini-meloni-vuole-abolire-reddito-di-cittadinanza-io-lo-cambierei","status":"publish","type":"post","link":"https:\/\/www.messinaoggi.it\/website\/2022\/06\/07\/salvini-meloni-vuole-abolire-reddito-di-cittadinanza-io-lo-cambierei\/","title":{"rendered":"Salvini \u201cMeloni vuole abolire reddito di cittadinanza? Io lo cambierei\u201d"},"content":{"rendered":"<div>ROMA (ITALPRESS) &#8211; &#8220;Il reddito di cittadinanza va cambiato&#8221;. Cos\u00ec il leader della Lega, Matteo Salvini, ospite in tv di Mattino Cinque, risponde alla domanda se sia d&#8217;accordo con la leader di FdI, Giorgia Meloni, che propone di abolire il reddito di cittadinanza. &#8220;Lo darei &#8211; ha aggiunto Salvini &#8211; a chi non pu\u00f2 lavorare per disabilit\u00e0 o invalidit\u00e0, mentre per chi pu\u00f2 lavorare e non vuole lavorare questi soldi li girerei alle aziende&#8221;. Quindi sul fisco, dice &#8220;Tassare la casa come vorrebbe qualcuno a sinistra e a Bruxelles sarebbe una follia, un suicidio. L&#8217;8 luglio scade lo sconto sulla benzina e come Lega siamo a lavoro col Governo per rinnovarlo per tutta l&#8217;estate&#8221;. Il leader del Carroccio ha poi ribadito la proposta &#8220;di una pace fiscale tra il fisco e gli italiani, che riguarda circa 16 milioni di Italiani&#8221;. <div id=\"div-gpt-ad-Messinaoggi.it-DSK-300x250-corpoart\" style=\"text-align:center;margin:0 auto;\"><\/div><\/p>\n<p>Foto: agenziafotogramma.it<br \/>(ITALPRESS).<\/div>\n<div id=\"videoincontent\" style=\"clear:both\";><\/div>","protected":false},"excerpt":{"rendered":"<p>ROMA (ITALPRESS) &#8211; &#8220;Il reddito di cittadinanza va cambiato&#8221;. Cos\u00ec il leader della Lega, Matteo Salvini, ospite in tv di Mattino Cinque, risponde alla domanda se sia d&#8217;accordo con la leader di FdI, Giorgia Meloni, che propone di abolire il reddito di cittadinanza. &#8220;Lo darei &#8211; ha aggiunto Salvini &#8211; a chi non pu\u00f2 lavorare [&hellip;]<\/p>\n","protected":false},"author":18,"featured_media":110368,"comment_status":"closed","ping_status":"closed","sticky":false,"template":"","format":"standard","meta":{"ub_ctt_via":"","_mi_skip_tracking":false},"categories":[446],"tags":[783],"featured_image_src":"https:\/\/www.messinaoggi.it\/website\/wp-content\/uploads\/2022\/06\/20220607_0300.jpg","author_info":{"display_name":"Admin","author_link":"https:\/\/www.messinaoggi.it\/website\/author\/admin\/"},"digistream_id":0,"digistream":false,"_links":{"self":[{"href":"https:\/\/www.messinaoggi.it\/website\/wp-json\/wp\/v2\/posts\/110367"}],"collection":[{"href":"https:\/\/www.messinaoggi.it\/website\/wp-json\/wp\/v2\/posts"}],"about":[{"href":"https:\/\/www.messinaoggi.it\/website\/wp-json\/wp\/v2\/types\/post"}],"author":[{"embeddable":true,"href":"https:\/\/www.messinaoggi.it\/website\/wp-json\/wp\/v2\/users\/18"}],"replies":[{"embeddable":true,"href":"https:\/\/www.messinaoggi.it\/website\/wp-json\/wp\/v2\/comments?post=110367"}],"version-history":[{"count":0,"href":"https:\/\/www.messinaoggi.it\/website\/wp-json\/wp\/v2\/posts\/110367\/revisions"}],"wp:featuredmedia":[{"embeddable":true,"href":"https:\/\/www.messinaoggi.it\/website\/wp-json\/wp\/v2\/media\/110368"}],"wp:attachment":[{"href":"https:\/\/www.messinaoggi.it\/website\/wp-json\/wp\/v2\/media?parent=110367"}],"wp:term":[{"taxonomy":"category","embeddable":true,"href":"https:\/\/www.messinaoggi.it\/website\/wp-json\/wp\/v2\/categories?post=110367"},{"taxonomy":"post_tag","embeddable":true,"href":"https:\/\/www.messinaoggi.it\/website\/wp-json\/wp\/v2\/tags?post=110367"}],"curies":[{"name":"wp","href":"https:\/\/api.w.org\/{rel}","templated":true}]}}