{"id":110355,"date":"2022-06-07T10:07:33","date_gmt":"2022-06-07T08:07:33","guid":{"rendered":"https:\/\/www.messinaoggi.it\/website\/2022\/06\/07\/salario-minimo-trovato-laccordo-politico-sulla-direttiva-ue\/"},"modified":"2022-06-07T10:07:33","modified_gmt":"2022-06-07T08:07:33","slug":"salario-minimo-trovato-laccordo-politico-sulla-direttiva-ue","status":"publish","type":"post","link":"https:\/\/www.messinaoggi.it\/website\/2022\/06\/07\/salario-minimo-trovato-laccordo-politico-sulla-direttiva-ue\/","title":{"rendered":"Salario minimo, trovato l\u2019accordo politico sulla direttiva Ue"},"content":{"rendered":"<div>BRUXELLES (BELGIO) (ITALPRESS) &#8211; Nella notte \u00e8 stato raggiunto l&#8217;accordo politico tra il Parlamento Europeo e i 27 Stati membri dell&#8217;Unione sulla direttiva sul salario minimo proposta dalla Commissione nell&#8217;ottobre 2020.<br \/>All&#8217;inizio del suo mandato, la presidente della Commissione Ursula von der Leyen aveva promesso uno strumento giuridico per garantire che i lavoratori europei abbiano un salario minimo equo.<br \/>La direttiva stabilisce un quadro per l&#8217;adeguatezza del salario minimo legale, promuovendo al contempo la contrattazione collettiva.<br \/>&#8220;Un salario minimo adeguato \u00e8 importante per rafforzare l&#8217;equit\u00e0 sociale e sostenere una ripresa economica sostenibile e inclusiva. Migliori condizioni di lavoro e di vita avvantaggiano anche le imprese, la societ\u00e0 e l&#8217;economia in generale, aumentando la produttivit\u00e0 e la competitivit\u00e0&#8221;, sottolinea la Commissione Europea in una nota, commentando con soddisfazione l&#8217;accordo raggiunto.<br \/>&#8220;La protezione del salario minimo esiste in tutti gli Stati membri dell&#8217;UE &#8211; spiega la Commissione -, sia attraverso salari minimi legali e contratti collettivi, sia esclusivamente attraverso contratti collettivi. Garantire che i lavoratori percepiscano salari adeguati \u00e8 essenziale per migliorare le loro condizioni di vita e di lavoro e per costruire economie e societ\u00e0 eque e resilienti. Tuttavia, alcuni lavoratori risentono di una scarsa adeguatezza o di lacune nella copertura della protezione del salario minimo&#8221;. La nuova direttiva mira ad affrontare questo problema &#8220;stabilendo un quadro dell&#8217;UE per migliorare un&#8217;adeguata protezione del salario minimo. Ci\u00f2 avverr\u00e0 nel pieno rispetto delle tradizioni e delle competenze nazionali nonch\u00e8 dell&#8217;autonomia delle parti sociali. Non richiede agli Stati membri di introdurre salari minimi legali, n\u00e8 stabilisce un livello salariale minimo comune in tutta l&#8217;UE&#8221;.<div id=\"div-gpt-ad-Messinaoggi.it-DSK-300x250-corpoart\" style=\"text-align:center;margin:0 auto;\"><\/div><\/p>\n<p>&#8211; foto agenziafotogramma.it &#8211;<div id=\"videoincontent\" style=\"clear:both\";><\/div><\/p>\n<p>(ITALPRESS).<\/p><\/div>\n","protected":false},"excerpt":{"rendered":"<p>BRUXELLES (BELGIO) (ITALPRESS) &#8211; Nella notte \u00e8 stato raggiunto l&#8217;accordo politico tra il Parlamento Europeo e i 27 Stati membri dell&#8217;Unione sulla direttiva sul salario minimo proposta dalla Commissione nell&#8217;ottobre 2020.All&#8217;inizio del suo mandato, la presidente della Commissione Ursula von der Leyen aveva promesso uno strumento giuridico per garantire che i lavoratori europei abbiano un [&hellip;]<\/p>\n","protected":false},"author":18,"featured_media":110356,"comment_status":"closed","ping_status":"closed","sticky":false,"template":"","format":"standard","meta":{"ub_ctt_via":"","_mi_skip_tracking":false},"categories":[446],"tags":[783],"featured_image_src":"https:\/\/www.messinaoggi.it\/website\/wp-content\/uploads\/2022\/06\/20220607_0136.jpg","author_info":{"display_name":"Admin","author_link":"https:\/\/www.messinaoggi.it\/website\/author\/admin\/"},"digistream_id":0,"digistream":false,"_links":{"self":[{"href":"https:\/\/www.messinaoggi.it\/website\/wp-json\/wp\/v2\/posts\/110355"}],"collection":[{"href":"https:\/\/www.messinaoggi.it\/website\/wp-json\/wp\/v2\/posts"}],"about":[{"href":"https:\/\/www.messinaoggi.it\/website\/wp-json\/wp\/v2\/types\/post"}],"author":[{"embeddable":true,"href":"https:\/\/www.messinaoggi.it\/website\/wp-json\/wp\/v2\/users\/18"}],"replies":[{"embeddable":true,"href":"https:\/\/www.messinaoggi.it\/website\/wp-json\/wp\/v2\/comments?post=110355"}],"version-history":[{"count":0,"href":"https:\/\/www.messinaoggi.it\/website\/wp-json\/wp\/v2\/posts\/110355\/revisions"}],"wp:featuredmedia":[{"embeddable":true,"href":"https:\/\/www.messinaoggi.it\/website\/wp-json\/wp\/v2\/media\/110356"}],"wp:attachment":[{"href":"https:\/\/www.messinaoggi.it\/website\/wp-json\/wp\/v2\/media?parent=110355"}],"wp:term":[{"taxonomy":"category","embeddable":true,"href":"https:\/\/www.messinaoggi.it\/website\/wp-json\/wp\/v2\/categories?post=110355"},{"taxonomy":"post_tag","embeddable":true,"href":"https:\/\/www.messinaoggi.it\/website\/wp-json\/wp\/v2\/tags?post=110355"}],"curies":[{"name":"wp","href":"https:\/\/api.w.org\/{rel}","templated":true}]}}