{"id":11034,"date":"2017-11-06T21:33:15","date_gmt":"2017-11-06T20:33:15","guid":{"rendered":"http:\/\/www.messinaoggi.it\/website\/?p=11034"},"modified":"2017-11-06T21:33:15","modified_gmt":"2017-11-06T20:33:15","slug":"berlusconi-chiama-musumeci-ottimo-successo-frutto-dellunita","status":"publish","type":"post","link":"https:\/\/www.messinaoggi.it\/website\/2017\/11\/06\/berlusconi-chiama-musumeci-ottimo-successo-frutto-dellunita\/","title":{"rendered":"Berlusconi chiama Musumeci: &quot;Ottimo successo, frutto dell&#039;unit\u00e0&quot;"},"content":{"rendered":"<p>&#8220;Ho espresso al Presidente Musumeci le mie congratulazioni per l&#8217;ottimo successo e il mio convinto sostegno per la difficile opera che lo attende&#8221;, afferma Berlusconi in una nota, ringraziando quei &#8220;siciliani che hanno operato una scelta responsabile eleggendo, come avevamo chiesto loro, alla presidenza della regione, Nello Musumeci, garanzia di onest\u00e0 e competenza&#8221;.<br \/>\n&#8220;Voglio anche rivolgere un ringraziamento di cuore agli elettori siciliani che hanno attribuito un grande consenso alle liste del centro-destra e, nell&#8217;ambito del centro-destra, a Forza Italia che \u00e8 fortemente cresciuta e si e&#8217; dimostrata determinante per la vittoria. Lo sar\u00e0 anche per assicurare governabilit\u00e0, stabilit\u00e0 ed efficienza all&#8217;attivit\u00e0 di governo della regione. Nei giorni scorsi in Sicilia avevo avvertito questo clima favorevole intorno a noi. La mobilitazione degli elettori moderati, che hanno detto si&#8217; alla mia richiesta di non rassegnarci, di fare qualcosa per cambiare la Sicilia, \u00e8 stata fondamentale per vincere. L&#8217;altro aspetto determinante per la vittoria \u00e8 stato la capacit\u00e0&#8217; delle forze politiche della coalizione di lavorare insieme per un obiettivo comune e un programma condiviso, mettendo da parte i particolarismi e gli egoismi di partito, in nome di un progetto comune e di valori condivisi.<div id=\"div-gpt-ad-Messinaoggi.it-DSK-300x250-corpoart\" style=\"text-align:center;margin:0 auto;\"><\/div><\/p>\n<div id=\"videoincontent\" style=\"clear:both\";><\/div>","protected":false},"excerpt":{"rendered":"<p>&#8220;Ho espresso al Presidente Musumeci le mie congratulazioni per l&#8217;ottimo successo e il mio convinto sostegno per la difficile opera che lo attende&#8221;, afferma Berlusconi in una nota, ringraziando quei &#8220;siciliani che hanno operato una scelta responsabile eleggendo, come avevamo chiesto loro, alla presidenza della regione, Nello Musumeci, garanzia di onest\u00e0 e competenza&#8221;. &#8220;Voglio anche [&hellip;]<\/p>\n","protected":false},"author":2,"featured_media":10774,"comment_status":"closed","ping_status":"open","sticky":false,"template":"","format":"standard","meta":{"ub_ctt_via":"","_mi_skip_tracking":false},"categories":[6],"tags":[],"featured_image_src":"https:\/\/www.messinaoggi.it\/website\/wp-content\/uploads\/2017\/11\/berlusconi.jpg","author_info":{"display_name":"Redazione","author_link":"https:\/\/www.messinaoggi.it\/website\/author\/redazione\/"},"digistream_id":0,"digistream":false,"_links":{"self":[{"href":"https:\/\/www.messinaoggi.it\/website\/wp-json\/wp\/v2\/posts\/11034"}],"collection":[{"href":"https:\/\/www.messinaoggi.it\/website\/wp-json\/wp\/v2\/posts"}],"about":[{"href":"https:\/\/www.messinaoggi.it\/website\/wp-json\/wp\/v2\/types\/post"}],"author":[{"embeddable":true,"href":"https:\/\/www.messinaoggi.it\/website\/wp-json\/wp\/v2\/users\/2"}],"replies":[{"embeddable":true,"href":"https:\/\/www.messinaoggi.it\/website\/wp-json\/wp\/v2\/comments?post=11034"}],"version-history":[{"count":0,"href":"https:\/\/www.messinaoggi.it\/website\/wp-json\/wp\/v2\/posts\/11034\/revisions"}],"wp:featuredmedia":[{"embeddable":true,"href":"https:\/\/www.messinaoggi.it\/website\/wp-json\/wp\/v2\/media\/10774"}],"wp:attachment":[{"href":"https:\/\/www.messinaoggi.it\/website\/wp-json\/wp\/v2\/media?parent=11034"}],"wp:term":[{"taxonomy":"category","embeddable":true,"href":"https:\/\/www.messinaoggi.it\/website\/wp-json\/wp\/v2\/categories?post=11034"},{"taxonomy":"post_tag","embeddable":true,"href":"https:\/\/www.messinaoggi.it\/website\/wp-json\/wp\/v2\/tags?post=11034"}],"curies":[{"name":"wp","href":"https:\/\/api.w.org\/{rel}","templated":true}]}}