{"id":110197,"date":"2022-06-05T16:07:37","date_gmt":"2022-06-05T14:07:37","guid":{"rendered":"https:\/\/www.messinaoggi.it\/website\/2022\/06\/05\/ucraina-mattarella-guerra-scellerata-danneggia-anche-lambiente\/"},"modified":"2022-06-05T16:07:37","modified_gmt":"2022-06-05T14:07:37","slug":"ucraina-mattarella-guerra-scellerata-danneggia-anche-lambiente","status":"publish","type":"post","link":"https:\/\/www.messinaoggi.it\/website\/2022\/06\/05\/ucraina-mattarella-guerra-scellerata-danneggia-anche-lambiente\/","title":{"rendered":"Ucraina, Mattarella \u201cGuerra scellerata danneggia anche l\u2019ambiente\u201d"},"content":{"rendered":"<div>ROMA (ITALPRESS) &#8211; &#8220;Celebriamo quest&#8217;anno la Giornata mondiale dell&#8217;Ambiente nel cinquantesimo dalla Dichiarazione di Stoccolma che per la prima volta afferm\u00f2 in modo solenne, insieme al diritto alla libert\u00e0, all&#8217;uguaglianza e a condizioni di vita dignitose per ogni persona, anche il dovere di proteggere e migliorare l&#8217;ambiente per garantire il futuro alle nuove generazioni. Fu l&#8217;avvio di un processo globale della responsabilit\u00e0 verso il domani del nostro pianeta, comune a ogni nazione, ogni societ\u00e0, ogni popolo&#8221;. Cos\u00ec in una nota il presidente della Repubblica, Sergio Mattarella.<br \/>&#8220;Il percorso di questi decenni non \u00e8 stato e non \u00e8 tuttora lineare. Ha conosciuto battute d&#8217;arresto e colpevoli ritardi e, tuttavia, per dare futuro all&#8217;umanit\u00e0 dobbiamo essere capaci di governare i cambiamenti climatici, arrestare lo sfruttamento delle risorse non riproducibili, concepire lo sviluppo in termini di sostenibilit\u00e0 ecologica e sociale&#8221;.<br \/>&#8220;Lo speciale significato di questa Giornata mondiale dell&#8217;Ambiente \u00e8 sottolineato dal tema scelto, &#8216;Una sola Terr\u00e0, lo stesso tema della Conferenza di 50 anni or sono. Questo fa riflettere su quanto la societ\u00e0 internazionale avverta la responsabilit\u00e0 di corrispondere ai suoi doveri. Destino dell&#8217;uomo e destino dell&#8217;ambiente non sono mai stati cos\u00ec strettamente connessi come nel nostro tempo &#8211; prosegue il capo dello Stato -. La scellerata guerra che sta insanguinando l&#8217;Europa con l&#8217;aggressione della Federazione Russa all&#8217;Ucraina sta provocando una conseguenza inevitabile sulla capacit\u00e0 di rispettare l&#8217;agenda degli impegni assunti per contrastare il cambiamento climatico ed evitare cos\u00ec, le ulteriori crisi umanitarie conseguenti. Ecco perch\u00e8 la Giornata mondiale dell&#8217;Ambiente suona pi\u00f9 che mai come severo richiamo alla assunzione condivisa di un impegno comune alla pace e alla cooperazione internazionale&#8221;, conclude Mattarella.<div id=\"div-gpt-ad-Messinaoggi.it-DSK-300x250-corpoart\" style=\"text-align:center;margin:0 auto;\"><\/div><\/p>\n<p>&#8211; foto agenziafotogramma.it &#8211;<div id=\"videoincontent\" style=\"clear:both\";><\/div><\/p>\n<p>(ITALPRESS).<\/p><\/div>\n","protected":false},"excerpt":{"rendered":"<p>ROMA (ITALPRESS) &#8211; &#8220;Celebriamo quest&#8217;anno la Giornata mondiale dell&#8217;Ambiente nel cinquantesimo dalla Dichiarazione di Stoccolma che per la prima volta afferm\u00f2 in modo solenne, insieme al diritto alla libert\u00e0, all&#8217;uguaglianza e a condizioni di vita dignitose per ogni persona, anche il dovere di proteggere e migliorare l&#8217;ambiente per garantire il futuro alle nuove generazioni. Fu [&hellip;]<\/p>\n","protected":false},"author":18,"featured_media":110198,"comment_status":"closed","ping_status":"closed","sticky":false,"template":"","format":"standard","meta":{"ub_ctt_via":"","_mi_skip_tracking":false},"categories":[446],"tags":[783],"featured_image_src":"https:\/\/www.messinaoggi.it\/website\/wp-content\/uploads\/2022\/06\/20220605_0898.jpg","author_info":{"display_name":"Admin","author_link":"https:\/\/www.messinaoggi.it\/website\/author\/admin\/"},"digistream_id":0,"digistream":false,"_links":{"self":[{"href":"https:\/\/www.messinaoggi.it\/website\/wp-json\/wp\/v2\/posts\/110197"}],"collection":[{"href":"https:\/\/www.messinaoggi.it\/website\/wp-json\/wp\/v2\/posts"}],"about":[{"href":"https:\/\/www.messinaoggi.it\/website\/wp-json\/wp\/v2\/types\/post"}],"author":[{"embeddable":true,"href":"https:\/\/www.messinaoggi.it\/website\/wp-json\/wp\/v2\/users\/18"}],"replies":[{"embeddable":true,"href":"https:\/\/www.messinaoggi.it\/website\/wp-json\/wp\/v2\/comments?post=110197"}],"version-history":[{"count":0,"href":"https:\/\/www.messinaoggi.it\/website\/wp-json\/wp\/v2\/posts\/110197\/revisions"}],"wp:featuredmedia":[{"embeddable":true,"href":"https:\/\/www.messinaoggi.it\/website\/wp-json\/wp\/v2\/media\/110198"}],"wp:attachment":[{"href":"https:\/\/www.messinaoggi.it\/website\/wp-json\/wp\/v2\/media?parent=110197"}],"wp:term":[{"taxonomy":"category","embeddable":true,"href":"https:\/\/www.messinaoggi.it\/website\/wp-json\/wp\/v2\/categories?post=110197"},{"taxonomy":"post_tag","embeddable":true,"href":"https:\/\/www.messinaoggi.it\/website\/wp-json\/wp\/v2\/tags?post=110197"}],"curies":[{"name":"wp","href":"https:\/\/api.w.org\/{rel}","templated":true}]}}