{"id":110185,"date":"2022-06-05T13:07:36","date_gmt":"2022-06-05T11:07:36","guid":{"rendered":"https:\/\/www.messinaoggi.it\/website\/2022\/06\/05\/papa-francesco-non-portate-lumanita-alla-rovina\/"},"modified":"2022-06-05T13:07:36","modified_gmt":"2022-06-05T11:07:36","slug":"papa-francesco-non-portate-lumanita-alla-rovina","status":"publish","type":"post","link":"https:\/\/www.messinaoggi.it\/website\/2022\/06\/05\/papa-francesco-non-portate-lumanita-alla-rovina\/","title":{"rendered":"Papa Francesco \u201cNon portate l\u2019umanit\u00e0 alla rovina\u201d"},"content":{"rendered":"<div>ROMA (ITALPRESS) &#8211; &#8220;A Pentecoste, il sogno di Dio sull&#8217;umanit\u00e0 diventa realt\u00e0: 50 giorni dopo la Pasqua popoli che parlano lingue diverse si capiscono. Ma ora, a 100 giorni dall&#8217;inizio dell&#8217;aggressione armata all&#8217;Ucraina, sull&#8217;umanit\u00e0 \u00e8 calato nuovamente l&#8217;incubo della guerra, che \u00e8 la negazione del sogno di Dio&#8221;. A dirlo \u00e8 Papa Francesco durante l&#8217;Angelus in Piazza San Pietro. &#8220;Popoli che si scontrano, uccidono, gente che viene allontanata dalle proprie case. E mentre la furia della distruzione imperversa e le contrapposizioni divampano alimentando un&#8217;escalation sempre pi\u00f9 pericolosa per tutti, rinnovo l&#8217;appello ai responsabili delle nazioni: non portate l&#8217;umanit\u00e0 alla rovina, per favore &#8211; sottolinea il Santo Padre -. Si mettano in atto veri negoziati, concrete trattative per un cessate il fuoco e per una soluzione sostenibile. Si ascolti il grido disperato della gente che soffre, si abbia rispetto della vita umana, si fermi la macabra distruzioni di citt\u00e0 e villaggi. Continuiamo a pregare, a impegnarci per la pace senza stancarci&#8221;.<br \/>\nFoto: agenziafotogramma.it<br \/>\n(ITALPRESS).<\/div>\n<div id=\"div-gpt-ad-Messinaoggi.it-DSK-300x250-corpoart\" style=\"text-align:center;margin:0 auto;\"><\/div><\/p><div id=\"videoincontent\" style=\"clear:both\";><\/div>","protected":false},"excerpt":{"rendered":"<p>ROMA (ITALPRESS) &#8211; &#8220;A Pentecoste, il sogno di Dio sull&#8217;umanit\u00e0 diventa realt\u00e0: 50 giorni dopo la Pasqua popoli che parlano lingue diverse si capiscono. Ma ora, a 100 giorni dall&#8217;inizio dell&#8217;aggressione armata all&#8217;Ucraina, sull&#8217;umanit\u00e0 \u00e8 calato nuovamente l&#8217;incubo della guerra, che \u00e8 la negazione del sogno di Dio&#8221;. A dirlo \u00e8 Papa Francesco durante l&#8217;Angelus [&hellip;]<\/p>\n","protected":false},"author":18,"featured_media":110186,"comment_status":"closed","ping_status":"closed","sticky":false,"template":"","format":"standard","meta":{"ub_ctt_via":"","_mi_skip_tracking":false},"categories":[446],"tags":[783],"featured_image_src":"https:\/\/www.messinaoggi.it\/website\/wp-content\/uploads\/2022\/06\/20220605_0192.jpg","author_info":{"display_name":"Admin","author_link":"https:\/\/www.messinaoggi.it\/website\/author\/admin\/"},"digistream_id":0,"digistream":false,"_links":{"self":[{"href":"https:\/\/www.messinaoggi.it\/website\/wp-json\/wp\/v2\/posts\/110185"}],"collection":[{"href":"https:\/\/www.messinaoggi.it\/website\/wp-json\/wp\/v2\/posts"}],"about":[{"href":"https:\/\/www.messinaoggi.it\/website\/wp-json\/wp\/v2\/types\/post"}],"author":[{"embeddable":true,"href":"https:\/\/www.messinaoggi.it\/website\/wp-json\/wp\/v2\/users\/18"}],"replies":[{"embeddable":true,"href":"https:\/\/www.messinaoggi.it\/website\/wp-json\/wp\/v2\/comments?post=110185"}],"version-history":[{"count":0,"href":"https:\/\/www.messinaoggi.it\/website\/wp-json\/wp\/v2\/posts\/110185\/revisions"}],"wp:featuredmedia":[{"embeddable":true,"href":"https:\/\/www.messinaoggi.it\/website\/wp-json\/wp\/v2\/media\/110186"}],"wp:attachment":[{"href":"https:\/\/www.messinaoggi.it\/website\/wp-json\/wp\/v2\/media?parent=110185"}],"wp:term":[{"taxonomy":"category","embeddable":true,"href":"https:\/\/www.messinaoggi.it\/website\/wp-json\/wp\/v2\/categories?post=110185"},{"taxonomy":"post_tag","embeddable":true,"href":"https:\/\/www.messinaoggi.it\/website\/wp-json\/wp\/v2\/tags?post=110185"}],"curies":[{"name":"wp","href":"https:\/\/api.w.org\/{rel}","templated":true}]}}