{"id":110080,"date":"2022-06-03T18:07:33","date_gmt":"2022-06-03T16:07:33","guid":{"rendered":"https:\/\/www.messinaoggi.it\/website\/2022\/06\/03\/ita-airways-inaugura-nuovo-volo-roma-buenos-aires-con-airbus-a350\/"},"modified":"2022-06-03T18:07:33","modified_gmt":"2022-06-03T16:07:33","slug":"ita-airways-inaugura-nuovo-volo-roma-buenos-aires-con-airbus-a350","status":"publish","type":"post","link":"https:\/\/www.messinaoggi.it\/website\/2022\/06\/03\/ita-airways-inaugura-nuovo-volo-roma-buenos-aires-con-airbus-a350\/","title":{"rendered":"Ita Airways inaugura nuovo volo Roma-Buenos Aires con Airbus A350"},"content":{"rendered":"<div>ROMA (ITALPRESS) &#8211; E&#8217; partito ieri alle ore 21.40 il primo volo di Ita Airways Roma Fiumicino &#8211; Buenos Aires. Il volo \u00e8 stato operato con il nuovo Airbus A350, il primo in Italia e il primo della societ\u00e0, rappresenta il nuovo ambasciatore della compagnia nel mondo, fregiandosi della  maestria di tre prestigiosi talenti italiani, per l&#8217;evoluzione della sua immagine: le nuove divise nate dal team Ita insieme alla consulenza stilistica di Brunello Cucinelli per la prima volta in operativo; I nuovi interni degli aerei creati dal designer Walter De Silva; Il nuovo catering di bordo studiato dallo chef stellato Enrico Bartolini.<br \/>L&#8217;Airbus A350 che ha operato il volo inaugurale \u00e8 quello dedicato a Roberto Baggio ed \u00e8 stato proprio il &#8220;Pallone d&#8217;Oro&#8221; a presenziare il taglio del nastro ieri a Roma Fiumicino alle ore 20 salutando ospiti della stampa e passeggeri, cerimonia che ha avvalorato il forte legame con lo spirito azzurro e Ita Airways che ha dedicato ai campioni e campionesse italiane dello sport i suoi nuovi Airbus A319, A320, A330 e A350.<br \/>&#8220;Sono orgoglioso di questa possibilit\u00e0 che mi ha offerto Ita Airways. Quando me lo hanno detto sono rimasto stupito: non avrei mai pensato di avere un aereo con il mio nome. L&#8217;elemento a cui tengo particolarmente e che mi lega a Ita Airways \u00e8 l&#8217;attenzione ai giovani. Stiamo lavorando insieme a un &#8216;progetto giovan\u00ec che permetter\u00e0 a giovani talenti di volare verso mete sempre pi\u00f9 alte grazie a un bando dedicato con la Fondazione Gilardi su progetti Italia-Argentina&#8221;, ha dichiarato Baggio. <br \/>Il volo nuovo Roma-Buenos Aires \u00e8 operato con il nuovo A350 della compagnia con 5 frequenze settimanali ogni marted\u00ec, gioved\u00ec, venerd\u00ec, sabato e domenica da Roma e ogni luned\u00ec, mercoled\u00ec, venerd\u00ec, sabato e domenica da Buenos Aires. Le frequenze in agosto diventeranno giornaliere. Inoltre, grazie all&#8217;accordo di code share con Aerol\u00ecneas Argentinas, i clienti Ita Airways potranno raggiungere giornalmente 34 destinazioni domestiche argentine, in coincidenza via Buenos Aires, acquistando un unico biglietto.<br \/>(ITALPRESS).<br \/>-foto ufficio stampa Ita Airways-<\/div>\n<div id=\"div-gpt-ad-Messinaoggi.it-DSK-300x250-corpoart\" style=\"text-align:center;margin:0 auto;\"><\/div><\/p><div id=\"videoincontent\" style=\"clear:both\";><\/div>","protected":false},"excerpt":{"rendered":"<p>ROMA (ITALPRESS) &#8211; E&#8217; partito ieri alle ore 21.40 il primo volo di Ita Airways Roma Fiumicino &#8211; Buenos Aires. Il volo \u00e8 stato operato con il nuovo Airbus A350, il primo in Italia e il primo della societ\u00e0, rappresenta il nuovo ambasciatore della compagnia nel mondo, fregiandosi della maestria di tre prestigiosi talenti italiani, [&hellip;]<\/p>\n","protected":false},"author":18,"featured_media":110081,"comment_status":"closed","ping_status":"closed","sticky":false,"template":"","format":"standard","meta":{"ub_ctt_via":"","_mi_skip_tracking":false},"categories":[446],"tags":[783],"featured_image_src":"https:\/\/www.messinaoggi.it\/website\/wp-content\/uploads\/2022\/06\/20220603_1493.jpg","author_info":{"display_name":"Admin","author_link":"https:\/\/www.messinaoggi.it\/website\/author\/admin\/"},"digistream_id":0,"digistream":false,"_links":{"self":[{"href":"https:\/\/www.messinaoggi.it\/website\/wp-json\/wp\/v2\/posts\/110080"}],"collection":[{"href":"https:\/\/www.messinaoggi.it\/website\/wp-json\/wp\/v2\/posts"}],"about":[{"href":"https:\/\/www.messinaoggi.it\/website\/wp-json\/wp\/v2\/types\/post"}],"author":[{"embeddable":true,"href":"https:\/\/www.messinaoggi.it\/website\/wp-json\/wp\/v2\/users\/18"}],"replies":[{"embeddable":true,"href":"https:\/\/www.messinaoggi.it\/website\/wp-json\/wp\/v2\/comments?post=110080"}],"version-history":[{"count":0,"href":"https:\/\/www.messinaoggi.it\/website\/wp-json\/wp\/v2\/posts\/110080\/revisions"}],"wp:featuredmedia":[{"embeddable":true,"href":"https:\/\/www.messinaoggi.it\/website\/wp-json\/wp\/v2\/media\/110081"}],"wp:attachment":[{"href":"https:\/\/www.messinaoggi.it\/website\/wp-json\/wp\/v2\/media?parent=110080"}],"wp:term":[{"taxonomy":"category","embeddable":true,"href":"https:\/\/www.messinaoggi.it\/website\/wp-json\/wp\/v2\/categories?post=110080"},{"taxonomy":"post_tag","embeddable":true,"href":"https:\/\/www.messinaoggi.it\/website\/wp-json\/wp\/v2\/tags?post=110080"}],"curies":[{"name":"wp","href":"https:\/\/api.w.org\/{rel}","templated":true}]}}