{"id":110037,"date":"2022-06-03T15:07:34","date_gmt":"2022-06-03T13:07:34","guid":{"rendered":"https:\/\/www.messinaoggi.it\/website\/2022\/06\/03\/esposito-in-italia-ce-poco-spazio-per-i-giovani\/"},"modified":"2022-06-03T15:07:34","modified_gmt":"2022-06-03T13:07:34","slug":"esposito-in-italia-ce-poco-spazio-per-i-giovani","status":"publish","type":"post","link":"https:\/\/www.messinaoggi.it\/website\/2022\/06\/03\/esposito-in-italia-ce-poco-spazio-per-i-giovani\/","title":{"rendered":"Esposito \u201cIn Italia c\u2019\u00e8 poco spazio per i giovani\u201d"},"content":{"rendered":"<div>ROMA (ITALPRESS) &#8211; Francesco Totti come idolo, tanta voglia di fare bene in nazionale e un appello ai club italiani: &#8220;Fate giocare i giovani&#8221;. Sebastiano Esposito torna nel giro dell&#8217;Under 21 dopo un anno molto positivo al Basilea e vuole stupire. &#8220;Per me \u00e8 un&#8217;occasione unica, torno in nazionale dopo anni in cui era giusto non convocarmi perch\u00e8 non avevo fatto bene &#8211; ha spiegato il fratello minore di Salvatore, incluso per la prima volta nella lista di Roberto Mancini &#8211; Ora voglio dimostrare il mio valore, dobbiamo portare a casa i punti per la qualificazione. Il mio sogno, anzi il nostro sogno in famiglia, \u00e8 giocare nella nazionale maggiore: spero che Salvatore lo realizzi, per me \u00e8 un leader, una persona davvero importante che mi aiuta sempre molto&#8221;. Sette gol in 34 presenze al Basilea, un ottimo campionato con sei reti in 23 partite, Sebastiano ha sempre lavorato duramente per migliorare e ora si mette pienamente a disposizione del commissario tecnico Nicolato. &#8220;Io gioco in qualsiasi posizione, anche centrocampista se vuole il mister. Quest&#8217;anno ho fatto il trequartista e ho corso tanto&#8221;, ricorda il giovane campano rivelando la sua ammirazione per Francesco Totti: &#8220;E&#8217; il mio idolo fin da piccolo, mi ispiro a lui. Ogni tanto ci sentiamo e gli ho anche chiesto qualche consiglio&#8221;. Negli ultimi anni l&#8217;Italia ha fatto fatica a trovare un bomber per la nazionale, ma per Esposito non \u00e8 una questione di caratteristiche individuali. &#8220;Abbiamo Immobile che ha vinto un Europeo, ha meritato la Scarpa d&#8217;Oro ed \u00e8 fortissimo. E poi ci sono altri ottimi attaccanti come Pinamonti, Scamacca, Raspadori. Ricordo che Giroud ha vinto un Mondiale facendo soltanto un gol. E&#8217; un momento difficile per la nazionale, non \u00e8 bello mancare la qualificazione per i Mondiali, ma pochi mesi fa abbiamo vinto un Europeo: dobbiamo restare calmi, aiutare l&#8217;Italia ed evitare i processi&#8221;. Al contempo, Esposito lancia un appello forte ai nostri club: &#8220;Noi giovani dobbiamo crescere, ma per farlo bisogna giocare. Con gli allenamenti possiamo migliorare ma dobbiamo anche andare in campo, altrimenti mister Mancini non pu\u00f2 fare miracoli. Quanti italiani del 2002 giocano in Serie A? Appena due. Ecco perch\u00e8 purtroppo dobbiamo cercare spazio all&#8217;estero. Io l&#8217;ho fatto in Svizzera ed \u00e8 stata una esperienza decisamente formativa: pensavo di incontrare maggiori difficolt\u00e0, invece ho fatto pi\u00f9 presenze al Basilea che in Serie B. Sono migliorato tanto rispetto all&#8217;anno scorso, quando ho affrontato diversi problemi nella prima stagione fuori dalla famiglia dell&#8217;Inter. In Svizzera sono stato accolto bene, sono stato tutelato, quando poi ci saranno le basi giuste, i progetti giusti, torner\u00f2 in Italia&#8221;. Nelle prossime tre partite con l&#8217;under 21, decisive per il passaggio del turno, Sebastiano Esposito spera di trovare spazio in una nazionale che, peraltro, deve fare i conti con diverse assenze. &#8220;Per noi \u00e8 un onore essere chiamati in nazionale A, qui ci sono tanti giocatori bravi e dobbiamo fare bene. Cominciamo con il Lussemburgo, una partita difficile: loro sono bravi in contropiede, difendono 3-5-2, dobbiamo muovere la palla velocemente e concedere poche ripartenze. Bisogna approcciare bene la gara, andare a tremila sin dall&#8217;inizio. Siamo un ottimo gruppo, le difficolt\u00e0 ci aiutano a crescere, dobbiamo andare l\u00ec per la prima di tre finali, un match fondamentale che vogliamo vincere&#8221;, ha concluso l&#8217;attaccante del Basilea.<br \/>&#8211; foto LivePhotoSport &#8211;<br \/>(ITALPRESS).<\/div>\n<div id=\"div-gpt-ad-Messinaoggi.it-DSK-300x250-corpoart\" style=\"text-align:center;margin:0 auto;\"><\/div><\/p><div id=\"videoincontent\" style=\"clear:both\";><\/div>","protected":false},"excerpt":{"rendered":"<p>ROMA (ITALPRESS) &#8211; Francesco Totti come idolo, tanta voglia di fare bene in nazionale e un appello ai club italiani: &#8220;Fate giocare i giovani&#8221;. Sebastiano Esposito torna nel giro dell&#8217;Under 21 dopo un anno molto positivo al Basilea e vuole stupire. &#8220;Per me \u00e8 un&#8217;occasione unica, torno in nazionale dopo anni in cui era giusto [&hellip;]<\/p>\n","protected":false},"author":18,"featured_media":110038,"comment_status":"closed","ping_status":"closed","sticky":false,"template":"","format":"standard","meta":{"ub_ctt_via":"","_mi_skip_tracking":false},"categories":[446],"tags":[783],"featured_image_src":"https:\/\/www.messinaoggi.it\/website\/wp-content\/uploads\/2022\/06\/20220603_0810.jpg","author_info":{"display_name":"Admin","author_link":"https:\/\/www.messinaoggi.it\/website\/author\/admin\/"},"digistream_id":0,"digistream":false,"_links":{"self":[{"href":"https:\/\/www.messinaoggi.it\/website\/wp-json\/wp\/v2\/posts\/110037"}],"collection":[{"href":"https:\/\/www.messinaoggi.it\/website\/wp-json\/wp\/v2\/posts"}],"about":[{"href":"https:\/\/www.messinaoggi.it\/website\/wp-json\/wp\/v2\/types\/post"}],"author":[{"embeddable":true,"href":"https:\/\/www.messinaoggi.it\/website\/wp-json\/wp\/v2\/users\/18"}],"replies":[{"embeddable":true,"href":"https:\/\/www.messinaoggi.it\/website\/wp-json\/wp\/v2\/comments?post=110037"}],"version-history":[{"count":0,"href":"https:\/\/www.messinaoggi.it\/website\/wp-json\/wp\/v2\/posts\/110037\/revisions"}],"wp:featuredmedia":[{"embeddable":true,"href":"https:\/\/www.messinaoggi.it\/website\/wp-json\/wp\/v2\/media\/110038"}],"wp:attachment":[{"href":"https:\/\/www.messinaoggi.it\/website\/wp-json\/wp\/v2\/media?parent=110037"}],"wp:term":[{"taxonomy":"category","embeddable":true,"href":"https:\/\/www.messinaoggi.it\/website\/wp-json\/wp\/v2\/categories?post=110037"},{"taxonomy":"post_tag","embeddable":true,"href":"https:\/\/www.messinaoggi.it\/website\/wp-json\/wp\/v2\/tags?post=110037"}],"curies":[{"name":"wp","href":"https:\/\/api.w.org\/{rel}","templated":true}]}}